{"id":15973,"date":"2020-11-13T05:00:00","date_gmt":"2020-11-13T05:00:00","guid":{"rendered":"https:\/\/www.radiopresidenteibanez.cl\/web\/?p=15973"},"modified":"2020-11-12T17:35:40","modified_gmt":"2020-11-12T17:35:40","slug":"sercotec-magallanes-invita-a-postular-a-organizaciones-regionales-y-nacionales","status":"publish","type":"post","link":"https:\/\/www.radiopresidenteibanez.cl\/web\/sercotec-magallanes-invita-a-postular-a-organizaciones-regionales-y-nacionales\/","title":{"rendered":"SERCOTEC MAGALLANES INVITA A POSTULAR A ORGANIZACIONES REGIONALES Y NACIONALES"},"content":{"rendered":"\n<p>Hasta el pr\u00f3ximo\nmartes 17 de noviembre puedes postular al programa React\u00edvate Organizaciones\nRegionales y Nacionales de Sercotec, el que entrega un fondo no reembolsable de\nhasta $15.000.000 a asociaciones gremiales, corporaciones, c\u00e1maras de comercio,\nde turismo, federaciones regionales, entre otras.<\/p>\n\n\n\n<p>Al respecto, &nbsp;la directora regional de Sercotec Magallanes,\nMar\u00eda Soledad Solo de Zald\u00edvar, afirm\u00f3 que \u201ccomo Servicio seguimos apoyando\ntanto a las pymes como a las agrupaciones, es por eso, que actualmente tenemos\nabierta la convocatoria al programa React\u00edvate Organizaciones Regionales y\nNacionales, que est\u00e1 dirigido a aquellos que est\u00e1n agrupados como gremios,\ncooperativas, c\u00e1maras de comercio, turismo, entre otras. Con este programa\npueden optar a un fondo concursables de hasta 15 millones de pesos. \u00bfC\u00f3mo\npostular? Muy f\u00e1cil, las postulaciones est\u00e1n abiertas hasta 17 de noviembre en <a href=\"http:\/\/www.sercotec.cl\">www.sercotec.cl<\/a> y si tienes alguna consulta\nen tu postulaci\u00f3n no dudes en contactarnos, llamando al 232425000 anexo 12 o a\ntrav\u00e9s de nuestras redes sociales\u201d.<\/p>\n\n\n\n<p>Cabe mencionar,\nque con esta convocatoria<strong> podr\u00e1s financiar<\/strong>:\nacciones y medidas sanitarias, como son los kit de Sanitizaci\u00f3n que incluyen\nelementos como micas separadoras, pantallas divisoras, implementaci\u00f3n de\nsanitizadores, term\u00f3metros infrarrojos o digitales, implementos e insumos de\nsanitizaci\u00f3n, entre otros. Adem\u00e1s, pueden financiar acciones o actividades para\nla activaci\u00f3n y reapertura econ\u00f3mica; tales como, letreros de aforo m\u00e1ximo en\nrestaurantes y comercios, demarcaciones de distanciamiento social, se\u00f1al\u00e9ticas,\nhabilitaci\u00f3n de carros de compra en p\u00e1ginas web, habilitaci\u00f3n de pago digital,\nkits para delivery, marketing digital, campa\u00f1as educativas sanitarias, entre\notros. As\u00ed tambi\u00e9n permite apoyar con los gastos de capital de trabajo de la\norganizaci\u00f3n, acciones de gesti\u00f3n empresarial y actividades de comercializaci\u00f3n\ny de marketing, difusi\u00f3n o publicidad.<\/p>\n\n\n\n<p>Para mayor\ninformaci\u00f3n y postulaci\u00f3n, ingresa a <a href=\"http:\/\/www.sercotec.cl\">www.sercotec.cl<\/a>\ny si necesitas apoyo en tu postulaci\u00f3n ll\u00e1manos al 232425000 anexo 12 o\ncont\u00e1ctanos por redes sociales. Te recomendamos que antes postular, descargues\ny leas atentamente las bases y anexos de la Convocatoria.<\/p>\n","protected":false},"excerpt":{"rendered":"<p>Hasta el pr\u00f3ximo martes 17 de noviembre puedes postular al programa React\u00edvate Organizaciones Regionales y Nacionales de Sercotec, el que entrega un fondo no reembolsable de hasta $15.000.000 a asociaciones&#8230; <a class=\"read-more\" href=\"https:\/\/www.radiopresidenteibanez.cl\/web\/sercotec-magallanes-invita-a-postular-a-organizaciones-regionales-y-nacionales\/\">Leer m\u00e1s<\/a><\/p>\n","protected":false},"author":2,"featured_media":15974,"comment_status":"closed","ping_status":"closed","sticky":false,"template":"","format":"standard","meta":{"footnotes":""},"categories":[1],"tags":[],"class_list":["post-15973","post","type-post","status-publish","format-standard","has-post-thumbnail","hentry","category-cronica"],"_links":{"self":[{"href":"https:\/\/www.radiopresidenteibanez.cl\/web\/wp-json\/wp\/v2\/posts\/15973","targetHints":{"allow":["GET"]}}],"collection":[{"href":"https:\/\/www.radiopresidenteibanez.cl\/web\/wp-json\/wp\/v2\/posts"}],"about":[{"href":"https:\/\/www.radiopresidenteibanez.cl\/web\/wp-json\/wp\/v2\/types\/post"}],"author":[{"embeddable":true,"href":"https:\/\/www.radiopresidenteibanez.cl\/web\/wp-json\/wp\/v2\/users\/2"}],"replies":[{"embeddable":true,"href":"https:\/\/www.radiopresidenteibanez.cl\/web\/wp-json\/wp\/v2\/comments?post=15973"}],"version-history":[{"count":0,"href":"https:\/\/www.radiopresidenteibanez.cl\/web\/wp-json\/wp\/v2\/posts\/15973\/revisions"}],"wp:featuredmedia":[{"embeddable":true,"href":"https:\/\/www.radiopresidenteibanez.cl\/web\/wp-json\/wp\/v2\/media\/15974"}],"wp:attachment":[{"href":"https:\/\/www.radiopresidenteibanez.cl\/web\/wp-json\/wp\/v2\/media?parent=15973"}],"wp:term":[{"taxonomy":"category","embeddable":true,"href":"https:\/\/www.radiopresidenteibanez.cl\/web\/wp-json\/wp\/v2\/categories?post=15973"},{"taxonomy":"post_tag","embeddable":true,"href":"https:\/\/www.radiopresidenteibanez.cl\/web\/wp-json\/wp\/v2\/tags?post=15973"}],"curies":[{"name":"wp","href":"https:\/\/api.w.org\/{rel}","templated":true}]}}