{"id":15971,"date":"2020-11-13T04:45:00","date_gmt":"2020-11-13T04:45:00","guid":{"rendered":"https:\/\/www.radiopresidenteibanez.cl\/web\/?p=15971"},"modified":"2020-11-12T17:32:01","modified_gmt":"2020-11-12T17:32:01","slug":"core-aprueba-1-199-millones-para-programa-que-busca-reactivar-sector-turismo-y-dar-a-conocer-las-bellezas-naturales-de-magallanes","status":"publish","type":"post","link":"https:\/\/www.radiopresidenteibanez.cl\/web\/core-aprueba-1-199-millones-para-programa-que-busca-reactivar-sector-turismo-y-dar-a-conocer-las-bellezas-naturales-de-magallanes\/","title":{"rendered":"CORE APRUEBA 1.199 MILLONES PARA PROGRAMA QUE BUSCA REACTIVAR SECTOR TURISMO Y DAR A CONOCER LAS BELLEZAS NATURALES DE MAGALLANES"},"content":{"rendered":"\n<p>Por mayor\u00eda de votos (doce a\nfavor y dos abstenciones), el Consejo Regional de Magallanes y de la Ant\u00e1rtica\nChilena aprob\u00f3 este mi\u00e9rcoles 1.199 millones de pesos para el programa Reactivaci\u00f3n\ndel Sector Turismo, iniciativa que impactar\u00e1 principalmente la actividad\ntur\u00edstica en \u00daltima Esperanza y abrir\u00e1 paso a la promoci\u00f3n de las dem\u00e1s provincias.<\/p>\n\n\n\n<p>Seg\u00fan lo informado en el\ntrabajo de las comisiones por la unidad t\u00e9cnica, CORFO Magallanes, el proyecto busca\nadecuar una serie de actividades tur\u00edsticas al escenario post pandemia y para\nello la piedra angular es un evento f\u00edlmico de turismo aventura (Ecco Challenge)\nrealizado por una productora internacional en el parque Torres del Paine, el\ncual ser\u00e1 difundido en numerosos pa\u00edses por una conocida cadena televisiva. Adem\u00e1s\nse han contemplado otros criterios y estrategias que fueron consensuadas por\nasociaciones y c\u00e1maras de turismo, tales como la implementaci\u00f3n de un nuevo\nmodelo de promoci\u00f3n y comercializaci\u00f3n post pandemia, promoci\u00f3n del destino Magallanes\na trav\u00e9s de herramientas digitales, ampliaci\u00f3n de la actividad tur\u00edstica a nuevos\nsegmentos de turistas de \u201cmedia distancia\u201d como el sur de Brasil, el dise\u00f1o de\nuna nueva log\u00edstica de ingreso y egreso a la regi\u00f3n, la generaci\u00f3n de un marco\nque permita el turismo invernal y la implementaci\u00f3n de protocolos sanitarios.<\/p>\n\n\n\n<p>Los consejeros regionales\nconsignaron en la\nmoci\u00f3n aprobada que este programa debe comprometerse con los siguientes\naspectos: Privilegiar la contrataci\u00f3n de servicios y mano de obra regional.\nConsiderar igualmente la participaci\u00f3n de las otras provincias de la regi\u00f3n a\ntrav\u00e9s de subproductos asociados. Integrar en la comisi\u00f3n seguidora del\nproyecto al presidente de la comisi\u00f3n Turismo del CORE y a un consejero\nrepresentante de cada provincia. Que no se requerir\u00e1 de mayor financiamiento\ncon recursos regionales y finalmente solicitan a la primera autoridad regional que\nel seguimiento por parte del Gobierno Regional sea permanente y se mantenga\nperi\u00f3dicamente informado al Consejo de su ejecuci\u00f3n y posterior rendici\u00f3n.<\/p>\n\n\n\n<p>El presidente del CORE, Alejandro Kusanovic, coment\u00f3\nque se trata de una gran apuesta y record\u00f3 la famosa frase \u201csi&nbsp;buscas&nbsp;resultados&nbsp;distintos,\nno hagas siempre lo mismo\u201d puntualizando que \u201ceste tipo de turismo, hoy con los\nefectos de la pandemia puede ser certero ya que apunta a un p\u00fablico m\u00e1s\naventurero y dispuesto a correr riesgos. En la regi\u00f3n debemos dar un gran\nm\u00e9rito a Stjepan Pavicic que fue pionero en el tema y potenciar otras carreras en\nTierra del Fuego y Navarino ya que tenemos las condiciones ideales para estos eventos\u201d.<\/p>\n\n\n\n<p>Asimismo el presidente de la comisi\u00f3n Turismo, Emilio\nBoccazzi, se\u00f1al\u00f3 que uno de los compromisos que solicitaron a Corfo fue\napalancar recursos desde el nivel central para el pr\u00f3ximo a\u00f1o a fin de generar subproductos\nque posibiliten diversificar los destinos en la regi\u00f3n \u201cdesarrollar un Ecco\nChallenge que ser\u00e1 visto por miles de personas en el mundo y m\u00e1s ahora saliendo\nde una cuarentena es muy importante y si en esta oportunidad estamos\nconcurriendo con un veinticinco por ciento de lo aprobado por este CORE y\nanteriores para promoci\u00f3n tur\u00edstica, creemos que los indicadores en cuanto a la\nprueba en particular y el material audiovisual que se desarrollar\u00e1 en todas las\nprovincias tambi\u00e9n ser\u00e1 importante\u201d, detall\u00f3. <\/p>\n\n\n\n<p>Por su parte la consejera de \u00daltima Esperanza, Yammy\nWarner, destac\u00f3 \u201cesta iniciativa viene a apoyar y reactivar el sector tur\u00edstico\nen la provincia y tambi\u00e9n da la posibilidad de posicionar las otras.\nSe contempla la llegada de m\u00e1s de novecientas personas con todas las medidas\nsanitarias y una inyecci\u00f3n de recursos para la provincia que supera los cuatro\nmil millones de pesos\u201d. <\/p>\n\n\n\n<p>En la oportunidad los consejeros Antonio Bradasic y\nRam\u00f3n Lobos, emitieron un voto de abstenci\u00f3n. Seg\u00fan expres\u00f3 el consejero Bradasic,\n\u201cno es el momento oportuno para aprobar m\u00e1s de mil millones de pesos para esta\nactividad sabiendo que las personas del mundo gastron\u00f3mico y hotelero llevan\nnueve meses parados. Creo que hay que inyectarles recursos frescos lo m\u00e1s\nr\u00e1pido posible porque ya no dan para m\u00e1s\u201d, concluy\u00f3. <\/p>\n","protected":false},"excerpt":{"rendered":"<p>Por mayor\u00eda de votos (doce a favor y dos abstenciones), el Consejo Regional de Magallanes y de la Ant\u00e1rtica Chilena aprob\u00f3 este mi\u00e9rcoles 1.199 millones de pesos para el programa&#8230; <a class=\"read-more\" href=\"https:\/\/www.radiopresidenteibanez.cl\/web\/core-aprueba-1-199-millones-para-programa-que-busca-reactivar-sector-turismo-y-dar-a-conocer-las-bellezas-naturales-de-magallanes\/\">Leer m\u00e1s<\/a><\/p>\n","protected":false},"author":2,"featured_media":2967,"comment_status":"closed","ping_status":"closed","sticky":false,"template":"","format":"standard","meta":{"footnotes":""},"categories":[1],"tags":[],"class_list":["post-15971","post","type-post","status-publish","format-standard","has-post-thumbnail","hentry","category-cronica"],"_links":{"self":[{"href":"https:\/\/www.radiopresidenteibanez.cl\/web\/wp-json\/wp\/v2\/posts\/15971","targetHints":{"allow":["GET"]}}],"collection":[{"href":"https:\/\/www.radiopresidenteibanez.cl\/web\/wp-json\/wp\/v2\/posts"}],"about":[{"href":"https:\/\/www.radiopresidenteibanez.cl\/web\/wp-json\/wp\/v2\/types\/post"}],"author":[{"embeddable":true,"href":"https:\/\/www.radiopresidenteibanez.cl\/web\/wp-json\/wp\/v2\/users\/2"}],"replies":[{"embeddable":true,"href":"https:\/\/www.radiopresidenteibanez.cl\/web\/wp-json\/wp\/v2\/comments?post=15971"}],"version-history":[{"count":0,"href":"https:\/\/www.radiopresidenteibanez.cl\/web\/wp-json\/wp\/v2\/posts\/15971\/revisions"}],"wp:featuredmedia":[{"embeddable":true,"href":"https:\/\/www.radiopresidenteibanez.cl\/web\/wp-json\/wp\/v2\/media\/2967"}],"wp:attachment":[{"href":"https:\/\/www.radiopresidenteibanez.cl\/web\/wp-json\/wp\/v2\/media?parent=15971"}],"wp:term":[{"taxonomy":"category","embeddable":true,"href":"https:\/\/www.radiopresidenteibanez.cl\/web\/wp-json\/wp\/v2\/categories?post=15971"},{"taxonomy":"post_tag","embeddable":true,"href":"https:\/\/www.radiopresidenteibanez.cl\/web\/wp-json\/wp\/v2\/tags?post=15971"}],"curies":[{"name":"wp","href":"https:\/\/api.w.org\/{rel}","templated":true}]}}