{"id":15969,"date":"2020-11-13T04:30:00","date_gmt":"2020-11-13T04:30:00","guid":{"rendered":"https:\/\/www.radiopresidenteibanez.cl\/web\/?p=15969"},"modified":"2020-11-12T17:30:12","modified_gmt":"2020-11-12T17:30:12","slug":"core-aprobo-reevaluacion-del-programa-capacitacion-y-apoyo-a-mujeres-para-el-fortaleciendo-de-la-autonomia-economica-en-magallanes","status":"publish","type":"post","link":"https:\/\/www.radiopresidenteibanez.cl\/web\/core-aprobo-reevaluacion-del-programa-capacitacion-y-apoyo-a-mujeres-para-el-fortaleciendo-de-la-autonomia-economica-en-magallanes\/","title":{"rendered":"CORE APROB\u00d3 REEVALUACI\u00d3N DEL PROGRAMA CAPACITACI\u00d3N Y APOYO A MUJERES PARA EL FORTALECIENDO DE LA AUTONOM\u00cdA ECON\u00d3MICA EN MAGALLANES"},"content":{"rendered":"\n<p>El Consejo Regional aprob\u00f3 en la Sesi\u00f3n Plenaria\nN\u00b021 efectuada este mi\u00e9rcoles, la reevaluaci\u00f3n de recursos para el programa \u00abCapacitaci\u00f3n\ny apoyo a Mujeres para el Fortalecimiento de autonom\u00eda Econ\u00f3mica\u201d por un monto de 730\nmillones, con lo cual el total destinado a esta iniciativa asciende a los 1.857\nmillones 602 mil pesos provenientes de las arcas regionales. <\/p>\n\n\n\n<p>Seg\u00fan lo explicado en el trabajo de las comisiones\npor el\nServicio Nacional de la Mujer y Equidad de G\u00e9nero, Sernameg Magallanes, el\nobjetivo es ampliar la cobertura de los beneficiarios y las acciones propuestas\na fin de contribuir a mitigar los efectos negativos ocasionados por la pandemia\nlogrando el acceso a m\u00e1s de 800 mujeres emprendedoras mediante tres l\u00edneas de\nfinanciamiento. La primera ser\u00e1 de dos millones de pesos para 104 mujeres\nemprendedoras que cuenten con una idea de negocio, la segunda de tres millones para\n60 mujeres emprendedoras que tengan un emprendimiento con al menos un a\u00f1o de\nantig\u00fcedad y finalmente un monto de ochocientos mil pesos para 655 mujeres\nemprendedoras jefas de hogar que est\u00e9n dentro del 60% m\u00e1s vulnerable seg\u00fan el\nRegistro Social de Hogares. Esta \u00faltima l\u00ednea de financiamiento se trabajar\u00e1 en\nalianza con el Fondo de Solidaridad e Inversi\u00f3n Social (FOSIS).<\/p>\n\n\n\n<p>En la oportunidad el\npresidente de la comisi\u00f3n Presupuesto, Ram\u00f3n Lobos, &nbsp;manifest\u00f3 \u201cvoy a pedir disculpas a nombre de\neste Consejo Regional a todos los emprendedores peque\u00f1os y medianos de la regi\u00f3n\npor tan pobre oferta. No es nuestra responsabilidad y hubi\u00e9semos querido que m\u00e1s\nfondos se trasfieran pero lamentablemente este Gobierno ha sido mezquino y\nesquivo con los recursos para la regi\u00f3n. Me refiero a un nuevo decreto de la Direcci\u00f3n\nde Presupuestos seg\u00fan el cual ning\u00fan proyecto nuevo puede ser incorporado a las\nglosas de gastos, por tanto, la \u00fanica salvedad que nos quedaba era aprobar la\nampliaci\u00f3n de proyectos que est\u00e9n en ejecuci\u00f3n y la capacidad operativa de\nFosis, permit\u00eda ampliar hasta setecientos treinta millones. Es lamentable pero era\nesto o nada. Hay gente que va a recibir ayuda y significar\u00e1 alg\u00fan tipo de soluci\u00f3n\npero hay un grupo importante que no recibir\u00e1 nada y a ellos les pedimos\ndisculpas\u201d, finaliz\u00f3 el consejero Lobos. <\/p>\n","protected":false},"excerpt":{"rendered":"<p>El Consejo Regional aprob\u00f3 en la Sesi\u00f3n Plenaria N\u00b021 efectuada este mi\u00e9rcoles, la reevaluaci\u00f3n de recursos para el programa \u00abCapacitaci\u00f3n y apoyo a Mujeres para el Fortalecimiento de autonom\u00eda Econ\u00f3mica\u201d&#8230; <a class=\"read-more\" href=\"https:\/\/www.radiopresidenteibanez.cl\/web\/core-aprobo-reevaluacion-del-programa-capacitacion-y-apoyo-a-mujeres-para-el-fortaleciendo-de-la-autonomia-economica-en-magallanes\/\">Leer m\u00e1s<\/a><\/p>\n","protected":false},"author":2,"featured_media":15957,"comment_status":"closed","ping_status":"closed","sticky":false,"template":"","format":"standard","meta":{"footnotes":""},"categories":[1],"tags":[],"class_list":["post-15969","post","type-post","status-publish","format-standard","has-post-thumbnail","hentry","category-cronica"],"_links":{"self":[{"href":"https:\/\/www.radiopresidenteibanez.cl\/web\/wp-json\/wp\/v2\/posts\/15969","targetHints":{"allow":["GET"]}}],"collection":[{"href":"https:\/\/www.radiopresidenteibanez.cl\/web\/wp-json\/wp\/v2\/posts"}],"about":[{"href":"https:\/\/www.radiopresidenteibanez.cl\/web\/wp-json\/wp\/v2\/types\/post"}],"author":[{"embeddable":true,"href":"https:\/\/www.radiopresidenteibanez.cl\/web\/wp-json\/wp\/v2\/users\/2"}],"replies":[{"embeddable":true,"href":"https:\/\/www.radiopresidenteibanez.cl\/web\/wp-json\/wp\/v2\/comments?post=15969"}],"version-history":[{"count":0,"href":"https:\/\/www.radiopresidenteibanez.cl\/web\/wp-json\/wp\/v2\/posts\/15969\/revisions"}],"wp:featuredmedia":[{"embeddable":true,"href":"https:\/\/www.radiopresidenteibanez.cl\/web\/wp-json\/wp\/v2\/media\/15957"}],"wp:attachment":[{"href":"https:\/\/www.radiopresidenteibanez.cl\/web\/wp-json\/wp\/v2\/media?parent=15969"}],"wp:term":[{"taxonomy":"category","embeddable":true,"href":"https:\/\/www.radiopresidenteibanez.cl\/web\/wp-json\/wp\/v2\/categories?post=15969"},{"taxonomy":"post_tag","embeddable":true,"href":"https:\/\/www.radiopresidenteibanez.cl\/web\/wp-json\/wp\/v2\/tags?post=15969"}],"curies":[{"name":"wp","href":"https:\/\/api.w.org\/{rel}","templated":true}]}}