{"id":15967,"date":"2020-11-13T04:15:00","date_gmt":"2020-11-13T04:15:00","guid":{"rendered":"https:\/\/www.radiopresidenteibanez.cl\/web\/?p=15967"},"modified":"2020-11-12T17:29:09","modified_gmt":"2020-11-12T17:29:09","slug":"core-aprobo-ejecucion-de-proyectos-fril-presentados-por-municipios-de-porvenir-y-punta-arenas","status":"publish","type":"post","link":"https:\/\/www.radiopresidenteibanez.cl\/web\/core-aprobo-ejecucion-de-proyectos-fril-presentados-por-municipios-de-porvenir-y-punta-arenas\/","title":{"rendered":"CORE APROB\u00d3 EJECUCI\u00d3N DE PROYECTOS FRIL PRESENTADOS POR MUNICIPIOS DE PORVENIR Y PUNTA ARENAS"},"content":{"rendered":"\n<p>Por unanimidad el Consejo\nRegional de Magallanes y de la Ant\u00e1rtica Chilena aprob\u00f3 este mi\u00e9rcoles la\nejecuci\u00f3n de cuatro &nbsp;proyectos que\nser\u00e1n&nbsp; financiadas a trav\u00e9s de los\nrecursos del Fondo Regional de Iniciativa Local (FRIL) 2020, uno en la comuna\nde Porvenir y tres en Punta Arenas.<\/p>\n\n\n\n<p>Se trata del \u201cMejoramiento\nInfraestructura Escuela Bernardo O&#8217;Higgins de Porvenir\u201d para el cual ser\u00e1n\ndestinados 71 millones 88 mil pesos,&nbsp; la \u201cConservaci\u00f3n\ny Mejoramiento del Paradero Rural Mina Loreto\u201d por 30 millones 843 mil pesos, \u201cConservaci\u00f3n\nPaisajismo Sector Norte Entrada de Punta Arenas\u201d por 84 millones 455 mil pesos\ny \u201cConservaci\u00f3n Escaleras de Hormig\u00f3n Diversos Sectores de Punta Arenas\u201d por 45\nmillones 161 mil pesos. La inversi\u00f3n total alcanza los 231 millones 547 mil\npesos, con cargo a los recursos FRIL asignados a los distintos municipios a\nprincipio de a\u00f1o. <\/p>\n\n\n\n<p>El presidente de la comisi\u00f3n\nInfraestructura, Miguel Sierpe, junto con manifestar que si bien estos\nproyectos representan una oportunidad de trabajo para muchas familias especialmente\nen medio de una pandemia, reiter\u00f3 que \u201chemos planteado por a\u00f1os, que el Estado\ny los municipios que son \u00f3rganos del Estado deben hacerse cargo del tema\nlaboral y efectuar un contrato como corresponde. No nos parece que esta sea la\nforma de ser un buen empleador, sabemos que se trata de un empleo precario pero\nmucha gente lo necesita hoy. No es que queramos aprobarlo de esta forma\u201d,\ninsisti\u00f3. <\/p>\n\n\n\n<p>En el mismo punto el consejero\nde la provincia Ant\u00e1rtica, Marcelo Garrido, manifest\u00f3 \u201cestos puestos de trabajo\nson precarios pero es necesario que tengan alg\u00fan tipo de cobertura en salud,\ncotizaciones y medidas de protecci\u00f3n para los trabajadores\u201d.<\/p>\n\n\n\n<p>Finalmente la consejera, Roxana\nGallardo, valor\u00f3 que estas iniciativas lleguen a la mesa del Consejo Regional, \u201ccuando\ncomenz\u00f3 la pandemia solicitamos a los municipios agilizarse y presentar m\u00e1s\nproyectos que absorban mano de obra cesante. S\u00e9 que los municipios est\u00e1n trabajando\na media m\u00e1quina ya que algunos funcionarios no est\u00e1n asistiendo y sin embargo\nhan logrado ampliar los cupos y mucha gente que se inscribi\u00f3 en la OMIL fue\nllamada. Agradecer a quienes trabajaron en estos proyectos para dar empleo\u201d,\nreiter\u00f3 la consejera regional. &nbsp;<\/p>\n","protected":false},"excerpt":{"rendered":"<p>Por unanimidad el Consejo Regional de Magallanes y de la Ant\u00e1rtica Chilena aprob\u00f3 este mi\u00e9rcoles la ejecuci\u00f3n de cuatro &nbsp;proyectos que ser\u00e1n&nbsp; financiadas a trav\u00e9s de los recursos del Fondo&#8230; <a class=\"read-more\" href=\"https:\/\/www.radiopresidenteibanez.cl\/web\/core-aprobo-ejecucion-de-proyectos-fril-presentados-por-municipios-de-porvenir-y-punta-arenas\/\">Leer m\u00e1s<\/a><\/p>\n","protected":false},"author":2,"featured_media":15957,"comment_status":"closed","ping_status":"closed","sticky":false,"template":"","format":"standard","meta":{"footnotes":""},"categories":[1],"tags":[],"class_list":["post-15967","post","type-post","status-publish","format-standard","has-post-thumbnail","hentry","category-cronica"],"_links":{"self":[{"href":"https:\/\/www.radiopresidenteibanez.cl\/web\/wp-json\/wp\/v2\/posts\/15967","targetHints":{"allow":["GET"]}}],"collection":[{"href":"https:\/\/www.radiopresidenteibanez.cl\/web\/wp-json\/wp\/v2\/posts"}],"about":[{"href":"https:\/\/www.radiopresidenteibanez.cl\/web\/wp-json\/wp\/v2\/types\/post"}],"author":[{"embeddable":true,"href":"https:\/\/www.radiopresidenteibanez.cl\/web\/wp-json\/wp\/v2\/users\/2"}],"replies":[{"embeddable":true,"href":"https:\/\/www.radiopresidenteibanez.cl\/web\/wp-json\/wp\/v2\/comments?post=15967"}],"version-history":[{"count":0,"href":"https:\/\/www.radiopresidenteibanez.cl\/web\/wp-json\/wp\/v2\/posts\/15967\/revisions"}],"wp:featuredmedia":[{"embeddable":true,"href":"https:\/\/www.radiopresidenteibanez.cl\/web\/wp-json\/wp\/v2\/media\/15957"}],"wp:attachment":[{"href":"https:\/\/www.radiopresidenteibanez.cl\/web\/wp-json\/wp\/v2\/media?parent=15967"}],"wp:term":[{"taxonomy":"category","embeddable":true,"href":"https:\/\/www.radiopresidenteibanez.cl\/web\/wp-json\/wp\/v2\/categories?post=15967"},{"taxonomy":"post_tag","embeddable":true,"href":"https:\/\/www.radiopresidenteibanez.cl\/web\/wp-json\/wp\/v2\/tags?post=15967"}],"curies":[{"name":"wp","href":"https:\/\/api.w.org\/{rel}","templated":true}]}}