{"id":15964,"date":"2020-11-13T04:00:00","date_gmt":"2020-11-13T04:00:00","guid":{"rendered":"https:\/\/www.radiopresidenteibanez.cl\/web\/?p=15964"},"modified":"2020-11-12T17:27:34","modified_gmt":"2020-11-12T17:27:34","slug":"vuelve-mercado-campesino-on-line-a-puerto-natales-y-punta-arenas","status":"publish","type":"post","link":"https:\/\/www.radiopresidenteibanez.cl\/web\/vuelve-mercado-campesino-on-line-a-puerto-natales-y-punta-arenas\/","title":{"rendered":"VUELVE MERCADO CAMPESINO \u201cON LINE\u201d A PUERTO NATALES Y PUNTA ARENAS"},"content":{"rendered":"\n<p>Ya hay cosechas y los productos sanos, frescos e inocuos aparecen en los predios de la zona austral. Pero la falta de ferias y la cuarentena sacuden hoy la econom\u00eda, de ah\u00ed que el ingenio local aflore con fuerza en tiempos de crisis y los agricultores presenten sus ofertas en cat\u00e1logos digitales creados por INDAP.&nbsp;<\/p>\n\n\n\n<p>Ya van 26 agricultores inscritos en Puerto Natales y Punta Arenas y cada d\u00eda se suman m\u00e1s.&nbsp;&nbsp;La mayor\u00eda vende en predios de manera regulada, con horarios establecidos v\u00eda telef\u00f3nica para no generar aglomeraciones. Y otros, entregan a domicilio tras previa coordinaci\u00f3n.&nbsp;<\/p>\n\n\n\n<p>Para conocer la oferta de Punta Arenas puede ingresar a:&nbsp;<a href=\"http:\/\/www.indap.gob.cl\/mercado-campesino-magallanes\" target=\"_blank\" rel=\"noreferrer noopener\">www.indap.gob.cl\/mercado-campesino-magallanes<\/a>&nbsp;Y desde ah\u00ed dirigirse al cat\u00e1logo digital de los agricultores de Puerto Natales.&nbsp;<\/p>\n\n\n\n<p>No s\u00f3lo hay hortalizas frescas y sanas, tambi\u00e9n productos procesados como mermeladas de ruibarbo, calafate, e incluso alimentos de bajas calor\u00edas y sin az\u00facar a\u00f1adida, nada m\u00e1s hay que hurgar la preferencia y llamar. &nbsp;<\/p>\n\n\n\n<p>De igual forma se sumaron artesanas que trabajan la lana de oveja y generan dise\u00f1os propios de la zona. &nbsp;<\/p>\n\n\n\n<p>El director regional de INDAP, Petar Bradasic, hizo un llamado para apoyar a los agricultores de la regi\u00f3n y preferir los productos de corte local como artesan\u00eda y procesados y&nbsp;&nbsp;tambi\u00e9n las hortalizas frescas y naturales que se dan en la Patagonia. &nbsp;<\/p>\n\n\n\n<p>\u201cEstamos muy preocupados por la situaci\u00f3n que vive el mundo y creemos que es importante el resguardo, y mantener una alimentaci\u00f3n sana para el cuidado de nuestra salud. Nuestros agricultores entregan productos sanos, sin qu\u00edmicos ni golpes de fr\u00edo. Es un alimento que va directo del campo a la mesa\u201d, asegur\u00f3 Petar Bradasic, director regional de INDAP.&nbsp;<\/p>\n\n\n\n<p>En este sentido, indic\u00f3 que una dieta puede cambiar much\u00edsimo dependiendo del lugar en el que vivas. Pero, sobre todo, puede cambiar radicalmente en funci\u00f3n de la disponibilidad de los alimentos. \u201cExisten alternativas para una correcta nutrici\u00f3n y debiesen ser escogidas, ya que una alimentaci\u00f3n sana es la base de una buena salud y es crucial para mantener las defensas en tiempos de pandemia\u201d, precis\u00f3 Bradasic.&nbsp;&nbsp;<\/p>\n","protected":false},"excerpt":{"rendered":"<p>Ya hay cosechas y los productos sanos, frescos e inocuos aparecen en los predios de la zona austral. Pero la falta de ferias y la cuarentena sacuden hoy la econom\u00eda,&#8230; <a class=\"read-more\" href=\"https:\/\/www.radiopresidenteibanez.cl\/web\/vuelve-mercado-campesino-on-line-a-puerto-natales-y-punta-arenas\/\">Leer m\u00e1s<\/a><\/p>\n","protected":false},"author":2,"featured_media":15965,"comment_status":"closed","ping_status":"closed","sticky":false,"template":"","format":"standard","meta":{"footnotes":""},"categories":[1],"tags":[],"class_list":["post-15964","post","type-post","status-publish","format-standard","has-post-thumbnail","hentry","category-cronica"],"_links":{"self":[{"href":"https:\/\/www.radiopresidenteibanez.cl\/web\/wp-json\/wp\/v2\/posts\/15964","targetHints":{"allow":["GET"]}}],"collection":[{"href":"https:\/\/www.radiopresidenteibanez.cl\/web\/wp-json\/wp\/v2\/posts"}],"about":[{"href":"https:\/\/www.radiopresidenteibanez.cl\/web\/wp-json\/wp\/v2\/types\/post"}],"author":[{"embeddable":true,"href":"https:\/\/www.radiopresidenteibanez.cl\/web\/wp-json\/wp\/v2\/users\/2"}],"replies":[{"embeddable":true,"href":"https:\/\/www.radiopresidenteibanez.cl\/web\/wp-json\/wp\/v2\/comments?post=15964"}],"version-history":[{"count":0,"href":"https:\/\/www.radiopresidenteibanez.cl\/web\/wp-json\/wp\/v2\/posts\/15964\/revisions"}],"wp:featuredmedia":[{"embeddable":true,"href":"https:\/\/www.radiopresidenteibanez.cl\/web\/wp-json\/wp\/v2\/media\/15965"}],"wp:attachment":[{"href":"https:\/\/www.radiopresidenteibanez.cl\/web\/wp-json\/wp\/v2\/media?parent=15964"}],"wp:term":[{"taxonomy":"category","embeddable":true,"href":"https:\/\/www.radiopresidenteibanez.cl\/web\/wp-json\/wp\/v2\/categories?post=15964"},{"taxonomy":"post_tag","embeddable":true,"href":"https:\/\/www.radiopresidenteibanez.cl\/web\/wp-json\/wp\/v2\/tags?post=15964"}],"curies":[{"name":"wp","href":"https:\/\/api.w.org\/{rel}","templated":true}]}}