{"id":15961,"date":"2020-11-13T03:45:00","date_gmt":"2020-11-13T03:45:00","guid":{"rendered":"https:\/\/www.radiopresidenteibanez.cl\/web\/?p=15961"},"modified":"2020-11-12T17:25:46","modified_gmt":"2020-11-12T17:25:46","slug":"sesion-stop-de-noviembre-registra-importante-disminucion-de-delitos-de-mayor-connotacion-social","status":"publish","type":"post","link":"https:\/\/www.radiopresidenteibanez.cl\/web\/sesion-stop-de-noviembre-registra-importante-disminucion-de-delitos-de-mayor-connotacion-social\/","title":{"rendered":"SESI\u00d3N STOP DE NOVIEMBRE REGISTRA IMPORTANTE DISMINUCI\u00d3N DE DELITOS DE MAYOR CONNOTACI\u00d3N SOCIAL"},"content":{"rendered":"\n<p>Como todos los meses, este jueves se realiz\u00f3 la sesi\u00f3n de\nnoviembre del Sistema T\u00e1ctico Operativo Delictual (STOP) de Carabineros, que\nfue encabezado por la intendenta Jennifer Rojas y el general de zona Patricio\nFigueroa, contando adem\u00e1s con la participaci\u00f3n de gobernadores, alcaldes, Polic\u00eda\nde Investigaciones (PDI), directores de servicio y de la coordinadora regional\nde Seguridad P\u00fablica, Pamela Flores.<\/p>\n\n\n\n<p>En la oportunidad, la Prefectura de Magallanes y todas las\ncomisar\u00edas dieron cuenta de la variaci\u00f3n estad\u00edstica delictual en su territorio\nen la \u00faltima semana, 28 d\u00edas y a\u00f1o a la fecha. A su vez, reportaron el\ncumplimiento de los compromisos de gesti\u00f3n estipulados en las sesiones\nanteriores.<\/p>\n\n\n\n<p>En este sentido, la regi\u00f3n de Magallanes registr\u00f3 un -44% en\nlos Delitos de Mayor Connotaci\u00f3n Social (DMCS) a\u00f1o a la fecha, lo que se\ntraduce en 796 casos menos.<\/p>\n\n\n\n<p>La intendenta Jennifer Rojas valor\u00f3 los alentadores resultados\ndados a conocer en la cita, manifestado que en este an\u00e1lisis de la semana 44\ndel STOP, \u201cnos muestra que tenemos una disminuci\u00f3n a nivel regional de un -44%\nen los Delitos de Mayor Connotaci\u00f3n Social, es decir, 796 familias dejaron de\nser v\u00edctima de un delito\u201d, detall\u00f3 la primera autoridad, al tiempo que recalc\u00f3\nque \u201csi bien es cierto es una cifra muy positiva para la regi\u00f3n, tenemos que\nseguir avanzando sobre todo en aquellos delitos que siguen ocurriendo y que hoy\nson violentos para la realidad de nuestra regi\u00f3n, al igual que los delitos\nintramuros; no olvidemos que este mes se conmemora la No Violencia contra la\nMujer, y reforzaremos todo lo necesario, desde Carabineros con todas las\ninstituciones, para prevenir estos il\u00edcitos\u201d, enfatiz\u00f3 Rojas.<\/p>\n\n\n\n<p>Entre los delitos que se abordaron, se encuentran los casos\nde robo con violencia, incendio de veh\u00edculos, tr\u00e1fico de drogas, abigeato y\nconducci\u00f3n en estado de ebriedad, que, si bien este \u00faltimo no es parte de la\nficha STOP, igualmente insta el trabajo multisectorial.<\/p>\n\n\n\n<p>La coordinadora regional de Seguridad P\u00fablica, Pamela\nFlores, resalt\u00f3 la labor t\u00e9cnica que efect\u00faa Carabineros para planificar su\ntrabajo diario -dado a conocer en la sesi\u00f3n-, utilizando plataformas\ntecnol\u00f3gicas que brindan datos detallados para destinar los servicios en\nterreno, as\u00ed como en las investigaciones.<\/p>\n\n\n\n<p>La autoridad expres\u00f3 que \u201cel trabajo en seguridad p\u00fablica\nest\u00e1 muy vinculado al an\u00e1lisis, a lo t\u00e9cnico; las acciones que desarrolla\ncarabineros en t\u00e9rminos de prevenci\u00f3n y control, est\u00e1n respaldadas por un\ntrabajo previo, y estos buenos resultados nos indican que esta labor est\u00e1\nsurtiendo buenos frutos\u201d, afirm\u00f3 Flores, a\u00f1adiendo que \u201cesto nos da cuenta\nadem\u00e1s de la buena coordinaci\u00f3n que ha existido con los alcaldes, gobernadores,\ncon todos quienes tenemos alguna responsabilidad en la seguridad p\u00fablica, lo\nque se debe mantener para conseguir los mismos buenos resultados en delitos\nviolentos que hemos conocido en el \u00faltimo tiempo\u201d.<\/p>\n\n\n\n<p>STOP<\/p>\n\n\n\n<p>Las sesiones del Sistema T\u00e1ctico Operativo Policial (STOP)\nse desarrollan una vez al mes, y es donde Carabineros da a conocer informaci\u00f3n\nestad\u00edstica respecto a los casos policiales que se han registrado en la regi\u00f3n\nen la \u00faltima semana, 28 d\u00edas y a\u00f1o a la fecha.<\/p>\n\n\n\n<p>Junto con esto, se muestra la georreferenciaci\u00f3n de los\nhechos, detenciones, y se estipulan compromisos por parte de cada comisar\u00eda\npara reducir los il\u00edcitos que han presentado m\u00e1s aumento, los que son\nreportados en la reuni\u00f3n siguiente.<\/p>\n\n\n\n<p>La participaci\u00f3n de diversas autoridades permite que cada\nuno pueda consultar y solicitar abordaje de il\u00edcitos que son de especial\npreocupaci\u00f3n en su zona, y que no necesariamente presentan cifras altas.<\/p>\n\n\n\n<p>Esta instancia t\u00e9cnica permite generar coordinaciones y\ntrabajar con conjunto por la seguridad de toda la regi\u00f3n, con una mirada\nespec\u00edfica en cada realidad territorial.<\/p>\n","protected":false},"excerpt":{"rendered":"<p>Como todos los meses, este jueves se realiz\u00f3 la sesi\u00f3n de noviembre del Sistema T\u00e1ctico Operativo Delictual (STOP) de Carabineros, que fue encabezado por la intendenta Jennifer Rojas y el&#8230; <a class=\"read-more\" href=\"https:\/\/www.radiopresidenteibanez.cl\/web\/sesion-stop-de-noviembre-registra-importante-disminucion-de-delitos-de-mayor-connotacion-social\/\">Leer m\u00e1s<\/a><\/p>\n","protected":false},"author":2,"featured_media":15962,"comment_status":"closed","ping_status":"closed","sticky":false,"template":"","format":"standard","meta":{"footnotes":""},"categories":[1],"tags":[],"class_list":["post-15961","post","type-post","status-publish","format-standard","has-post-thumbnail","hentry","category-cronica"],"_links":{"self":[{"href":"https:\/\/www.radiopresidenteibanez.cl\/web\/wp-json\/wp\/v2\/posts\/15961","targetHints":{"allow":["GET"]}}],"collection":[{"href":"https:\/\/www.radiopresidenteibanez.cl\/web\/wp-json\/wp\/v2\/posts"}],"about":[{"href":"https:\/\/www.radiopresidenteibanez.cl\/web\/wp-json\/wp\/v2\/types\/post"}],"author":[{"embeddable":true,"href":"https:\/\/www.radiopresidenteibanez.cl\/web\/wp-json\/wp\/v2\/users\/2"}],"replies":[{"embeddable":true,"href":"https:\/\/www.radiopresidenteibanez.cl\/web\/wp-json\/wp\/v2\/comments?post=15961"}],"version-history":[{"count":0,"href":"https:\/\/www.radiopresidenteibanez.cl\/web\/wp-json\/wp\/v2\/posts\/15961\/revisions"}],"wp:featuredmedia":[{"embeddable":true,"href":"https:\/\/www.radiopresidenteibanez.cl\/web\/wp-json\/wp\/v2\/media\/15962"}],"wp:attachment":[{"href":"https:\/\/www.radiopresidenteibanez.cl\/web\/wp-json\/wp\/v2\/media?parent=15961"}],"wp:term":[{"taxonomy":"category","embeddable":true,"href":"https:\/\/www.radiopresidenteibanez.cl\/web\/wp-json\/wp\/v2\/categories?post=15961"},{"taxonomy":"post_tag","embeddable":true,"href":"https:\/\/www.radiopresidenteibanez.cl\/web\/wp-json\/wp\/v2\/tags?post=15961"}],"curies":[{"name":"wp","href":"https:\/\/api.w.org\/{rel}","templated":true}]}}