{"id":15959,"date":"2020-11-13T03:30:00","date_gmt":"2020-11-13T03:30:00","guid":{"rendered":"https:\/\/www.radiopresidenteibanez.cl\/web\/?p=15959"},"modified":"2020-11-12T17:22:45","modified_gmt":"2020-11-12T17:22:45","slug":"corporacion-municipal-de-cultura-turismo-y-patrimonio-de-natales-presenta-denuncia-por-malversacion-de-fondos","status":"publish","type":"post","link":"https:\/\/www.radiopresidenteibanez.cl\/web\/corporacion-municipal-de-cultura-turismo-y-patrimonio-de-natales-presenta-denuncia-por-malversacion-de-fondos\/","title":{"rendered":"CORPORACI\u00d3N MUNICIPAL DE CULTURA, TURISMO Y PATRIMONIO DE NATALES PRESENTA DENUNCIA POR MALVERSACI\u00d3N DE FONDOS"},"content":{"rendered":"\n<p>Durante el d\u00eda\nde hoy, el Presidente de la Corporaci\u00f3n de Cultura, Turismo y Patrimonio, Fernando\nParedes Mansilla y el Director Ejecutivo de dicha entidad, Jos\u00e9 Urra,\ningresaron una denuncia ante el Ministerio P\u00fablico respecto a irregularidades\ndetectadas en el manejo de fondos pertenecientes a la corporaci\u00f3n.<\/p>\n\n\n\n<p>La situaci\u00f3n apunta\ndirectamente a un funcionario que estaba a cargo de las finanzas de la entidad\nprivada, y quien producto de estos hechos ha sido desvinculado de manera\ninstant\u00e1nea. Todo esto sin perjuicio de las acciones legales y penales que se\npuedan activar a trav\u00e9s de los mecanismos presentados ante la Fiscal\u00eda y el\nMinisterio P\u00fablico correspondiente.<\/p>\n\n\n\n<p>En relaci\u00f3n a\nlos hechos, la corporaci\u00f3n realiz\u00f3 una presentaci\u00f3n ante el directorio de dicha\nentidad y paralelamente ante el Concejo Municipal, con el fin de entregar toda\nla informaci\u00f3n y antecedentes de la investigaci\u00f3n realizada, determinando\nfinalmente la detecci\u00f3n y mal manejo financiero por el jefe de finanzas. Al\nmismo tiempo, inform\u00f3 a ambos que mediante la denuncia p\u00fablica se busca\nesclarecer los antecedentes y los hechos ocurridos.<\/p>\n\n\n\n<p>El presidente\nde la Corporaci\u00f3n de Cultura, Turismo y Patrimonio, se\u00f1al\u00f3 que esta situaci\u00f3n\ndebe ser aclarada y presentada ante los organismos correspondientes a fin de\nbuscar responsabilidades, \u201ccomo alcalde y presidente de esta corporaci\u00f3n tengo\nel deber de presentar estos hechos ante el Ministerio P\u00fablico, estamos ante una\nsituaci\u00f3n muy grave y en este sentido debo actuar conforme dicta la Ley,\nprincipalmente por un hecho de transparencia ante la comunidad\u201d. &nbsp;<\/p>\n\n\n\n<p>Cabe se\u00f1alar\nque a partir de marzo del presente a\u00f1o, Jos\u00e9 Urra asumi\u00f3 la direcci\u00f3n de la\ninstituci\u00f3n con el prop\u00f3sito de fortalecer la funcionalidad de dicha entidad\nprivada, principalmente para cumplir metas y objetivos en relaci\u00f3n a las \u00e1reas\nde cultura, turismo y patrimonio. Una de las principales tareas a cumplir fue\nconocer el funcionamiento y comportamiento de las finanzas de la entidad,\npercat\u00e1ndose de una irregularidad en sus movimientos.<\/p>\n\n\n\n<p>Sobre lo\nanteriormente se\u00f1alado, Jos\u00e9 Urra, director ejecutivo de la corporaci\u00f3n indic\u00f3\nque existen grandes esfuerzos de un grupo humano de funcionarios que velan por\ncumplir las metas proyectadas por la entidad, en ese sentido declar\u00f3 que \u201ctenemos\nque cumplir los objetivos de esta corporaci\u00f3n, fomentar la actividad y\nproductividad en el \u00e1rea tur\u00edstica, que pasa por duros momentos, donde debemos\ntrabajar para lograr su reactivaci\u00f3n. Es importante tener un plan municipal de\ncultura con participaci\u00f3n ciudadana y actores culturales, con un especial\n\u00e9nfasis en el rescate patrimonial e hist\u00f3rico. Nada de esto puede verse empa\u00f1ado\npor esta situaci\u00f3n, por ello junto a nuestros funcionarios, debemos tener\nespecial cuidado con los recursos y las finanzas con las que debemos contar\npara dar funcionalidad a esta corporaci\u00f3n\u201d, puntualiz\u00f3.<\/p>\n\n\n\n<p>Finalmente, el\nConcejo Municipal de Natales y el Directorio de la Corporaci\u00f3n agradecieron la\nrealizaci\u00f3n de las reuniones y valoraron &nbsp;que fueran informados oportunamente de las\ncircunstancias, agregando que el encuentro demuestra un verdadero inter\u00e9s para\nesclarecer los hechos y seguir trabajando en pos de la cultura, turismo y\npatrimonio.<\/p>\n","protected":false},"excerpt":{"rendered":"<p>Durante el d\u00eda de hoy, el Presidente de la Corporaci\u00f3n de Cultura, Turismo y Patrimonio, Fernando Paredes Mansilla y el Director Ejecutivo de dicha entidad, Jos\u00e9 Urra, ingresaron una denuncia&#8230; <a class=\"read-more\" href=\"https:\/\/www.radiopresidenteibanez.cl\/web\/corporacion-municipal-de-cultura-turismo-y-patrimonio-de-natales-presenta-denuncia-por-malversacion-de-fondos\/\">Leer m\u00e1s<\/a><\/p>\n","protected":false},"author":2,"featured_media":101,"comment_status":"closed","ping_status":"closed","sticky":false,"template":"","format":"standard","meta":{"footnotes":""},"categories":[1],"tags":[],"class_list":["post-15959","post","type-post","status-publish","format-standard","has-post-thumbnail","hentry","category-cronica"],"_links":{"self":[{"href":"https:\/\/www.radiopresidenteibanez.cl\/web\/wp-json\/wp\/v2\/posts\/15959","targetHints":{"allow":["GET"]}}],"collection":[{"href":"https:\/\/www.radiopresidenteibanez.cl\/web\/wp-json\/wp\/v2\/posts"}],"about":[{"href":"https:\/\/www.radiopresidenteibanez.cl\/web\/wp-json\/wp\/v2\/types\/post"}],"author":[{"embeddable":true,"href":"https:\/\/www.radiopresidenteibanez.cl\/web\/wp-json\/wp\/v2\/users\/2"}],"replies":[{"embeddable":true,"href":"https:\/\/www.radiopresidenteibanez.cl\/web\/wp-json\/wp\/v2\/comments?post=15959"}],"version-history":[{"count":0,"href":"https:\/\/www.radiopresidenteibanez.cl\/web\/wp-json\/wp\/v2\/posts\/15959\/revisions"}],"wp:featuredmedia":[{"embeddable":true,"href":"https:\/\/www.radiopresidenteibanez.cl\/web\/wp-json\/wp\/v2\/media\/101"}],"wp:attachment":[{"href":"https:\/\/www.radiopresidenteibanez.cl\/web\/wp-json\/wp\/v2\/media?parent=15959"}],"wp:term":[{"taxonomy":"category","embeddable":true,"href":"https:\/\/www.radiopresidenteibanez.cl\/web\/wp-json\/wp\/v2\/categories?post=15959"},{"taxonomy":"post_tag","embeddable":true,"href":"https:\/\/www.radiopresidenteibanez.cl\/web\/wp-json\/wp\/v2\/tags?post=15959"}],"curies":[{"name":"wp","href":"https:\/\/api.w.org\/{rel}","templated":true}]}}