{"id":15956,"date":"2020-11-13T03:15:00","date_gmt":"2020-11-13T03:15:00","guid":{"rendered":"https:\/\/www.radiopresidenteibanez.cl\/web\/?p=15956"},"modified":"2020-11-12T17:20:19","modified_gmt":"2020-11-12T17:20:19","slug":"consejeros-regionales-ofician-a-intendenta-requiriendo-cambios-en-estrategia-frente-al-covid-19-y-plan-que-se-ajuste-a-la-realidad-local","status":"publish","type":"post","link":"https:\/\/www.radiopresidenteibanez.cl\/web\/consejeros-regionales-ofician-a-intendenta-requiriendo-cambios-en-estrategia-frente-al-covid-19-y-plan-que-se-ajuste-a-la-realidad-local\/","title":{"rendered":"CONSEJEROS REGIONALES OFICIAN A INTENDENTA REQUIRIENDO CAMBIOS EN ESTRATEGIA FRENTE AL COVID- 19 Y PLAN QUE SE AJUSTE A LA REALIDAD LOCAL"},"content":{"rendered":"\n<p>Los Consejeros Regionales, Ram\u00f3n\nLobos, Tolentino Soto y Manuel Lonc\u00f3n, solicitaron en la sesi\u00f3n plenaria de\neste mi\u00e9rcoles, enviar un oficio dirigido a la Intendenta, Jennifer Rojas, a\nfin de plantear la necesidad de generar cambios en la estrategia frente a la\npandemia y un plan para Magallanes. Seg\u00fan expresaron, es evidente el desgaste\nmoral y econ\u00f3mico de la poblaci\u00f3n tras una larga cuarentena y temprano toque de\nqueda, medidas que no estar\u00edan funcionando ni dando los resultados esperados. <\/p>\n\n\n\n<p>En ese sentido el primero en\nexpresar su preocupaci\u00f3n fue el consejero regional, Ram\u00f3n Lobos, \u201cla pregunta\nes \u00bfqu\u00e9 viene despu\u00e9s de ahora? Estamos en una cuarentena que no ha funcionado\ny tenemos un Plan Paso a Paso que nos ubica en el \u00faltimo lugar. La gente necesita\nsaber que va a pasar, si vamos a seguir en cuarentena, cu\u00e1nto tiempo m\u00e1s y\ncu\u00e1les son los indicadores. Hace semanas repetimos lo mismo y no tenemos\nrespuesta por tanto debemos hacer cosas distintas que signifiquen un cambio en\nla conducta de esta pandemia en la regi\u00f3n. Necesitamos un plan conocido por\ntodos y que cada habitante sepa cu\u00e1l es el rol que le compete para que salgamos\nadelante en conjunto, dar elementos de participaci\u00f3n y compromiso a la\npoblaci\u00f3n. No basta con mirar cada semana hacia Santiago esperando que nos\ndigan siguen o avanzan\u201d, afirm\u00f3. <\/p>\n\n\n\n<p>Asimismo el consejero de la\nprovincia \u00daltima Esperanza, Tolentino Soto, manifest\u00f3 \u201cme interpreta plenamente\nesta solicitud, m\u00e1s aun considerando la reapertura del Parque Nacional Torres\ndel Paine con vuelos directos hacia Natales cuando la comunidad permanece en\ncuarentena, es una situaci\u00f3n irrisoria. Efectivamente como se ha reiterado, la\ncuarentena es una medida que ha fracasado y es bueno que la primera autoridad\nregional se pronuncie frente a ello ya que es casi inhumano seguir exigi\u00e9ndoles\na nuestros adultos mayores que contin\u00faen encerrados si no hay resultados. Esto\ndebe ser evaluado porque es una consulta recurrente que nos hace la comunidad\u201d.\n<\/p>\n\n\n\n<p>Finalmente el consejero de\nTierra del Fuego, Manuel Lonc\u00f3n, expres\u00f3 \u201cme sumo a esta petici\u00f3n ya que ac\u00e1 en\nla provincia la gente tambi\u00e9n nos pregunta hasta cu\u00e1ndo durar\u00e1 la cuarentena y consideran\nque es una medida que no ha servido y pocos han respetado\u201d, concluy\u00f3. <\/p>\n","protected":false},"excerpt":{"rendered":"<p>Los Consejeros Regionales, Ram\u00f3n Lobos, Tolentino Soto y Manuel Lonc\u00f3n, solicitaron en la sesi\u00f3n plenaria de este mi\u00e9rcoles, enviar un oficio dirigido a la Intendenta, Jennifer Rojas, a fin de&#8230; <a class=\"read-more\" href=\"https:\/\/www.radiopresidenteibanez.cl\/web\/consejeros-regionales-ofician-a-intendenta-requiriendo-cambios-en-estrategia-frente-al-covid-19-y-plan-que-se-ajuste-a-la-realidad-local\/\">Leer m\u00e1s<\/a><\/p>\n","protected":false},"author":2,"featured_media":15957,"comment_status":"closed","ping_status":"closed","sticky":false,"template":"","format":"standard","meta":{"footnotes":""},"categories":[1],"tags":[],"class_list":["post-15956","post","type-post","status-publish","format-standard","has-post-thumbnail","hentry","category-cronica"],"_links":{"self":[{"href":"https:\/\/www.radiopresidenteibanez.cl\/web\/wp-json\/wp\/v2\/posts\/15956","targetHints":{"allow":["GET"]}}],"collection":[{"href":"https:\/\/www.radiopresidenteibanez.cl\/web\/wp-json\/wp\/v2\/posts"}],"about":[{"href":"https:\/\/www.radiopresidenteibanez.cl\/web\/wp-json\/wp\/v2\/types\/post"}],"author":[{"embeddable":true,"href":"https:\/\/www.radiopresidenteibanez.cl\/web\/wp-json\/wp\/v2\/users\/2"}],"replies":[{"embeddable":true,"href":"https:\/\/www.radiopresidenteibanez.cl\/web\/wp-json\/wp\/v2\/comments?post=15956"}],"version-history":[{"count":0,"href":"https:\/\/www.radiopresidenteibanez.cl\/web\/wp-json\/wp\/v2\/posts\/15956\/revisions"}],"wp:featuredmedia":[{"embeddable":true,"href":"https:\/\/www.radiopresidenteibanez.cl\/web\/wp-json\/wp\/v2\/media\/15957"}],"wp:attachment":[{"href":"https:\/\/www.radiopresidenteibanez.cl\/web\/wp-json\/wp\/v2\/media?parent=15956"}],"wp:term":[{"taxonomy":"category","embeddable":true,"href":"https:\/\/www.radiopresidenteibanez.cl\/web\/wp-json\/wp\/v2\/categories?post=15956"},{"taxonomy":"post_tag","embeddable":true,"href":"https:\/\/www.radiopresidenteibanez.cl\/web\/wp-json\/wp\/v2\/tags?post=15956"}],"curies":[{"name":"wp","href":"https:\/\/api.w.org\/{rel}","templated":true}]}}