{"id":15953,"date":"2020-11-13T03:00:11","date_gmt":"2020-11-13T03:00:11","guid":{"rendered":"https:\/\/www.radiopresidenteibanez.cl\/web\/?p=15953"},"modified":"2020-11-12T17:16:46","modified_gmt":"2020-11-12T17:16:46","slug":"mas-de-300-puestos-de-trabajo-ofrecera-primera-feria-laboral-virtual-patagonica","status":"publish","type":"post","link":"https:\/\/www.radiopresidenteibanez.cl\/web\/mas-de-300-puestos-de-trabajo-ofrecera-primera-feria-laboral-virtual-patagonica\/","title":{"rendered":"M\u00c1S DE 300 PUESTOS DE TRABAJO OFRECER\u00c1 PRIMERA FERIA LABORAL VIRTUAL PATAG\u00d3NICA"},"content":{"rendered":"\n<p>El Servicio Nacional de Capacitaci\u00f3n y\nEmpleo (Sence) Magallanes, en conjunto con la direcci\u00f3n regional de la regi\u00f3n\nde Ays\u00e9n, desarrollar\u00e1n la primera Feria Laboral Virtual Patag\u00f3nica, instancia\nque ofrecer\u00e1 m\u00e1s de 300 vacantes de trabajo disponibles para la zona.<\/p>\n\n\n\n<p>Con la colaboraci\u00f3n de las Oficinas\nMunicipales de Intermediaci\u00f3n Laboral (Omil) de Punta Arenas y Puerto Natales,\neste in\u00e9dito evento tiene la finalidad de generar un espacio de interacci\u00f3n\nentre la oferta y la demanda laboral de Magallanes, lo cual permitir\u00e1 mejorar\nel acceso al empleo a trav\u00e9s de una plataforma masiva de f\u00e1cil acceso para quienes\nest\u00e9n en la b\u00fasqueda de trabajo.<\/p>\n\n\n\n<p>As\u00ed fue dado a conocer por la primera\nautoridad regional, la intendenta Jennifer Rojas, quien expres\u00f3 que \u201cestamos\nmuy contentos de poder hacer el lanzamiento el d\u00eda de hoy de la primera Feria\nLaboral Virtual Patag\u00f3nica, organizada por Sence Magallanes en conjunto con la\nregi\u00f3n de Ays\u00e9n. Este evento in\u00e9dito para nuestra regi\u00f3n, se llevar\u00e1 a cabo entre\nlos d\u00edas lunes 16 y el viernes 20 de noviembre, a trav\u00e9s de la conocida\nplataforma Trabajando.com, por lo que, desde ya, invitamos a todos los\ninteresados a inscribirse y participar de esta importante feria laboral\u201d.<\/p>\n\n\n\n<p>La Feria contar\u00e1 con un total de 20\nempresas participantes, correspondientes a las ciudades de Puerto Natales y\nPunta Arenas, que ofertar\u00e1n poco m\u00e1s de 300 puestos de trabajo con desempe\u00f1o en\n\u00e1reas de servicios, administrativos, t\u00e9cnicos y profesionales. No obstante,\ndurante estos d\u00edas, el equipo de Sence contin\u00faa en el levantamiento de plazas\nlaborales, por lo que podr\u00edan sumarse nuevas organizaciones.<\/p>\n\n\n\n<p>Seg\u00fan explic\u00f3 la Seremi del Trabajo,\nVictoria Cort\u00e9s, \u201ca todo lo anterior, se sumar\u00e1n, durante el evento, los\ntalleres de apresto laboral en vivo para asesorar a los trabajadores que\nrequieran mejorar sus competencias transversales al momento de postular a un\nnuevo trabajo. Sin duda, se trata de una actividad de alta relevancia para\nnosotros como cartera, que busca, por un lado, permitir a quienes han sido\ngolpeados por la crisis y est\u00e1n desempleados, tener la oportunidad de encontrar\nun nuevo empleo, a la vez que el formato online nos permite protegernos del\navance del Covid-19. Por lo mismo, invitamos a las empresas a sumarse y a los\ninteresados a inscribirse a trav\u00e9s de Sence\u201d.<\/p>\n\n\n\n<p>Previo a la feria, la idea es que las\npersonas interesadas en participar puedan preparar su curr\u00edculum en el sitio\nTrabajando.com. Para ello, deben ingresar a <a href=\"http:\/\/www.sence.cl\">www.sence.cl<\/a> y acceder al banner <strong>\u201cConoce nuestras ferias laborales\u201d<\/strong>, una\nvez ah\u00ed, acceder a <strong>\u201cFeria Laboral en\nL\u00ednea de Ays\u00e9n y Magallanes\u201d<\/strong> y pinchar el bot\u00f3n <strong>\u201cPreparar\u201d<\/strong> que los derivar\u00e1 a un enlace de Trabajando.com, &nbsp;en el que deber\u00e1n ingresar a la respectiva\ncuenta, o bien, crear una cuenta para completar su curr\u00edculum. Esto es de vital\nimportancia para que los aspirantes a un empleo puedan participar de nuestra\nferia virtual.<\/p>\n\n\n\n<p>En palabras del director regional de\nSence Magallanes, Enrique Hern\u00e1ndez, \u201ca pesar de la pandemia, como Sence,\nsentimos que no pod\u00edamos dejar de realizar las Ferias laborales, ya que hoy,\nm\u00e1s que nunca se requiere de todas las instancias de ayuda por parte del\nGobierno, que permitan que las empresas puedan reactivar sus iniciativas\nproductivas y que trabajadores cesantes puedan encontrar un trabajo\u201d.<\/p>\n\n\n\n<p>Durante estos d\u00edas, los servicios de\nla cartera del Trabajo y del gobierno regional colaborar\u00e1n en la difusi\u00f3n de\nesta feria a trav\u00e9s de sus redes sociales a los cuales podr\u00e1n ingresar los\ninteresados para mayor informaci\u00f3n del evento.<\/p>\n","protected":false},"excerpt":{"rendered":"<p>El Servicio Nacional de Capacitaci\u00f3n y Empleo (Sence) Magallanes, en conjunto con la direcci\u00f3n regional de la regi\u00f3n de Ays\u00e9n, desarrollar\u00e1n la primera Feria Laboral Virtual Patag\u00f3nica, instancia que ofrecer\u00e1&#8230; <a class=\"read-more\" href=\"https:\/\/www.radiopresidenteibanez.cl\/web\/mas-de-300-puestos-de-trabajo-ofrecera-primera-feria-laboral-virtual-patagonica\/\">Leer m\u00e1s<\/a><\/p>\n","protected":false},"author":2,"featured_media":15954,"comment_status":"closed","ping_status":"closed","sticky":false,"template":"","format":"standard","meta":{"footnotes":""},"categories":[1],"tags":[],"class_list":["post-15953","post","type-post","status-publish","format-standard","has-post-thumbnail","hentry","category-cronica"],"_links":{"self":[{"href":"https:\/\/www.radiopresidenteibanez.cl\/web\/wp-json\/wp\/v2\/posts\/15953","targetHints":{"allow":["GET"]}}],"collection":[{"href":"https:\/\/www.radiopresidenteibanez.cl\/web\/wp-json\/wp\/v2\/posts"}],"about":[{"href":"https:\/\/www.radiopresidenteibanez.cl\/web\/wp-json\/wp\/v2\/types\/post"}],"author":[{"embeddable":true,"href":"https:\/\/www.radiopresidenteibanez.cl\/web\/wp-json\/wp\/v2\/users\/2"}],"replies":[{"embeddable":true,"href":"https:\/\/www.radiopresidenteibanez.cl\/web\/wp-json\/wp\/v2\/comments?post=15953"}],"version-history":[{"count":0,"href":"https:\/\/www.radiopresidenteibanez.cl\/web\/wp-json\/wp\/v2\/posts\/15953\/revisions"}],"wp:featuredmedia":[{"embeddable":true,"href":"https:\/\/www.radiopresidenteibanez.cl\/web\/wp-json\/wp\/v2\/media\/15954"}],"wp:attachment":[{"href":"https:\/\/www.radiopresidenteibanez.cl\/web\/wp-json\/wp\/v2\/media?parent=15953"}],"wp:term":[{"taxonomy":"category","embeddable":true,"href":"https:\/\/www.radiopresidenteibanez.cl\/web\/wp-json\/wp\/v2\/categories?post=15953"},{"taxonomy":"post_tag","embeddable":true,"href":"https:\/\/www.radiopresidenteibanez.cl\/web\/wp-json\/wp\/v2\/tags?post=15953"}],"curies":[{"name":"wp","href":"https:\/\/api.w.org\/{rel}","templated":true}]}}