{"id":1595,"date":"2019-02-26T00:08:03","date_gmt":"2019-02-26T00:08:03","guid":{"rendered":"http:\/\/www.radiopresidenteibanez.cl\/web\/?p=1595"},"modified":"2019-02-26T00:08:26","modified_gmt":"2019-02-26T00:08:26","slug":"gobernacion-de-magallanes-realizara-operativo-de-vacunacion-contra-el-sarampion","status":"publish","type":"post","link":"https:\/\/www.radiopresidenteibanez.cl\/web\/gobernacion-de-magallanes-realizara-operativo-de-vacunacion-contra-el-sarampion\/","title":{"rendered":"GOBERNACI\u00d3N DE MAGALLANES REALIZAR\u00c1 OPERATIVO DE VACUNACI\u00d3N CONTRA EL SARAMPI\u00d3N"},"content":{"rendered":"\n<p>Durante el \u00faltimo tiempo se han registrado\ncasos de Sarampi\u00f3n a nivel nacional, por lo cual el ministerio de Salud, se ha\npropuesto fortalecer y poner al d\u00eda la vacunaci\u00f3n de los j\u00f3venes entre 20 a\u00f1os\ny 24 a\u00f1os, 11 meses y 29 d\u00edas, espec\u00edficamente realizando un refuerzo preventivo\nde la vacunaci\u00f3n contra el Sarampi\u00f3n, Rubeola y Parotiditis (SRP) en j\u00f3venes de\nlas edades antes mencionadas.<\/p>\n\n\n\n<p>Seg\u00fan datos de la serem\u00eda de Salud de\nMagallanes y Ant\u00e1rtica Chilena, en la regi\u00f3n la poblaci\u00f3n objetivo estimada es\nde 11.133 personas. Al 17 de febrero de 2019, la cobertura en la regi\u00f3n alcanza\nel 44,1%, con 4.897 personas vacunadas, por lo que se decidi\u00f3 instalar un punto\ngratuito de vacunaci\u00f3n en la gobernaci\u00f3n provincial de Magallanes para extender\nsu cobertura y tratar de llegar a la totalidad de personas. <\/p>\n\n\n\n<p>El Gobernador de Magallanes, Homero\nVillegas, indic\u00f3 que \u201cel d\u00eda mi\u00e9rcoles 27 de febrero, entre las 9 y las 11\nhoras en la gobernaci\u00f3n de Magallanes, va a realizar un operativo de vacunaci\u00f3n\ncontra el Sarampi\u00f3n, para j\u00f3venes entre 20 y 24 a\u00f1os, 11 meses y 29 d\u00edas. Es muy\nimportante esta actividad, dado que existe en Magallanes, un p\u00fablico objetivo\nestimado de m\u00e1s de 11 mil personas que pueden ser objeto de obtener esta vacuna\u201d.<\/p>\n\n\n\n<p>Este punto de vacunaci\u00f3n, estar\u00e1\nhabilitado tanto para j\u00f3venes chilenos, como extranjeros, de forma totalmente\ngratuita. \u201cLa SEREMI de Salud\nde Magallanes, Mariela Rojas Ram\u00edrez, realiz\u00f3 un llamado a los j\u00f3venes que son\nla poblaci\u00f3n objetivo de esta campa\u00f1a, a acudir a vacunarse en los diferentes\npuntos de vacunaci\u00f3n que organiza el sector salud, recordando adem\u00e1s que esta\nvacuna est\u00e1 disponible en todos los Centros de Salud P\u00fablicos de la regi\u00f3n y\nvacunatorios privados en convenio (Cl\u00ednica Magallanes y Megasalud), pudiendo\nacceder a ella todos los residentes del pa\u00eds que se encuentren en el rango de\nedad de 20 a 24 a\u00f1os\u201d.<\/p>\n\n\n\n<p>Dentro de las recomendaciones y\nobservaciones que realiza la autoridad sanitaria, es importante tener en\ncuenta: <\/p>\n\n\n\n<ol class=\"wp-block-list\"><li>Se deben vacunar viajeros con cualquier destino fuera\ndel pa\u00eds, en los siguientes grupos:<strong><\/strong><\/li><li>Viajeros nacidos 1971 y 1981 y que no tengan antecedentes de haber\nrecibido 2 dosis de vacuna despu\u00e9s de los 12 meses de edad.<strong><\/strong><\/li><li>Ni\u00f1os mayores de 1 a\u00f1o y\nmenores de 7 a\u00f1os que tienen solo 1 dosis administrada, deben ser vacunados por\nlo menos 2 semanas antes del viaje.<\/li><li>Lactantes entre 6 y 11 meses 29\nd\u00edas de edad, deben recibir 1 dosis por lo menos 2 semanas antes del viaje.\nPosteriormente deben seguir el calendario de vacunaci\u00f3n normal a las edades\nestablecidas por el PNI.&nbsp;<\/li><li>Realizar\npuesta al d\u00eda de calendarios de vacunaci\u00f3n de quienes no tengan claro su\nestatus vacunal.&nbsp;<\/li><\/ol>\n","protected":false},"excerpt":{"rendered":"<p>Durante el \u00faltimo tiempo se han registrado casos de Sarampi\u00f3n a nivel nacional, por lo cual el ministerio de Salud, se ha propuesto fortalecer y poner al d\u00eda la vacunaci\u00f3n&#8230; <a class=\"read-more\" href=\"https:\/\/www.radiopresidenteibanez.cl\/web\/gobernacion-de-magallanes-realizara-operativo-de-vacunacion-contra-el-sarampion\/\">Leer m\u00e1s<\/a><\/p>\n","protected":false},"author":2,"featured_media":1596,"comment_status":"closed","ping_status":"closed","sticky":false,"template":"","format":"standard","meta":{"footnotes":""},"categories":[1],"tags":[],"class_list":["post-1595","post","type-post","status-publish","format-standard","has-post-thumbnail","hentry","category-cronica"],"_links":{"self":[{"href":"https:\/\/www.radiopresidenteibanez.cl\/web\/wp-json\/wp\/v2\/posts\/1595","targetHints":{"allow":["GET"]}}],"collection":[{"href":"https:\/\/www.radiopresidenteibanez.cl\/web\/wp-json\/wp\/v2\/posts"}],"about":[{"href":"https:\/\/www.radiopresidenteibanez.cl\/web\/wp-json\/wp\/v2\/types\/post"}],"author":[{"embeddable":true,"href":"https:\/\/www.radiopresidenteibanez.cl\/web\/wp-json\/wp\/v2\/users\/2"}],"replies":[{"embeddable":true,"href":"https:\/\/www.radiopresidenteibanez.cl\/web\/wp-json\/wp\/v2\/comments?post=1595"}],"version-history":[{"count":0,"href":"https:\/\/www.radiopresidenteibanez.cl\/web\/wp-json\/wp\/v2\/posts\/1595\/revisions"}],"wp:featuredmedia":[{"embeddable":true,"href":"https:\/\/www.radiopresidenteibanez.cl\/web\/wp-json\/wp\/v2\/media\/1596"}],"wp:attachment":[{"href":"https:\/\/www.radiopresidenteibanez.cl\/web\/wp-json\/wp\/v2\/media?parent=1595"}],"wp:term":[{"taxonomy":"category","embeddable":true,"href":"https:\/\/www.radiopresidenteibanez.cl\/web\/wp-json\/wp\/v2\/categories?post=1595"},{"taxonomy":"post_tag","embeddable":true,"href":"https:\/\/www.radiopresidenteibanez.cl\/web\/wp-json\/wp\/v2\/tags?post=1595"}],"curies":[{"name":"wp","href":"https:\/\/api.w.org\/{rel}","templated":true}]}}