{"id":15949,"date":"2020-11-12T05:00:00","date_gmt":"2020-11-12T05:00:00","guid":{"rendered":"https:\/\/www.radiopresidenteibanez.cl\/web\/?p=15949"},"modified":"2020-11-12T01:35:21","modified_gmt":"2020-11-12T01:35:21","slug":"con-gran-exito-de-participacion-partio-el-congreso-virtual-que-promueve-modelos-de-negocios-circulares","status":"publish","type":"post","link":"https:\/\/www.radiopresidenteibanez.cl\/web\/con-gran-exito-de-participacion-partio-el-congreso-virtual-que-promueve-modelos-de-negocios-circulares\/","title":{"rendered":"CON GRAN \u00c9XITO DE PARTICIPACI\u00d3N PARTI\u00d3 EL CONGRESO VIRTUAL QUE PROMUEVE MODELOS DE NEGOCIOS CIRCULARES"},"content":{"rendered":"\n<p>Bajo el lema <strong>\u201cEconom\u00eda Circular: una nueva oportunidad de negocio<\/strong>\u201d, destacados speakers nacionales e internacionales abordaron hoy las estrategias que se est\u00e1n desarrollando en Chile y el mundo para incorporar el modelo circular, las brechas existentes, casos de \u00e9xito implementados, generaci\u00f3n de cultura circular en empresas y comunidades.<\/p>\n\n\n\n<p>Javier Naranjo, subsecretario del Medio Ambiente, se\u00f1al\u00f3: <em>\u201cLa econom\u00eda circular representa tambi\u00e9n una enorme oportunidad econ\u00f3mica y social. A nivel global se estima que representa un potencial econ\u00f3mico de hasta 4,5 billones de d\u00f3lares, generando hasta seis millones de nuevos empleos al 2030, con la posibilidad de formalizar y dignificar el trabajo de miles de personas en el mundo, especialmente mujeres. Uno de los objetivos de nuestro gobierno ha sido, precisamente, este: derribar el mito de que el cuidado del medio ambiente se opone al crecimiento econ\u00f3mico\u201d.<\/em><\/p>\n\n\n\n<p>Entre los invitados estuvieron Kevin de Cuba, director de Americas Sustainable Development Foundation (ASDF) y presidente de la Plataforma de Econom\u00eda Circular de las Am\u00e9ricas (CEP-Am\u00e9ricas), quien ha estado colaborando en el diagn\u00f3stico y el mapa de actores para la Hoja de Ruta de la Econom\u00eda Circular, junto a Olga Martin, directora general de Aclima (Espa\u00f1a) y Guillermo Gonz\u00e1lez, jefe de la Oficina Circular del Medio Ambiente,&nbsp; quienes expusieron sobre lo que se est\u00e1 haciendo en econom\u00eda circular en Chile y el mundo.<strong>&nbsp;<\/strong><br><\/p>\n\n\n\n<p>Mientras que el mundo privado estuvo presente con Gustavo Cruz de Moraes de Natura Chile, Pedro Alamos de Algramo, Carlos Mu\u00f1oz y Jos\u00e9 Luis Leyton de Clorox Chile, Gonzalo Russi de Sofofa, Anne Kathrin M\u00fcller de Acci\u00f3n Empresas y Alfonso Mena de Red de Alimentos, quienes se refirieron sobre iniciativas asociativas que generan cultura circular en empresas y comunidades, as\u00ed como nuevos negocios exitosos.<\/p>\n\n\n\n<p>A juicio del director ejecutivo de la Agencia de Sustentabilidad y Cambio Clim\u00e1tico, Augusto Hermo, la econom\u00eda circular es una jornada de largo aliento, de perfeccionamiento continuo, donde es mandatorio el di\u00e1logo.<\/p>\n\n\n\n<p>\u201c<em>Incrementar la circularidad en las empresas en nuestra econom\u00eda es una oportunidad y sin duda es un buen negocio, eso qued\u00f3 claro a partir de la experiencia de Europa y es muy relevante ver c\u00f3mo varias empresas chilenas est\u00e1n a la vanguardia desarrollando este concepto y como pa\u00eds que nos estemos planteando los mismos desaf\u00edos que Europa, por ejemplo, en t\u00e9rminos de carbono neutralidad al 2050\u201d<\/em>, concluy\u00f3 Hermo.<\/p>\n\n\n\n<p><strong>La segunda jornada del Congreso<\/strong><\/p>\n\n\n\n<p>El ministro de Econom\u00eda, <strong>Lucas Palacios<\/strong>, abrir\u00e1 la jornada de este jueves 12 de noviembre (inscripciones en <a href=\"http:\/\/www.ascc.cl\/\" target=\"_blank\" rel=\"noreferrer noopener\">www.ascc.cl<\/a>) y como high level speaker estar\u00e1 <strong>Manuel Albaladejo,<\/strong> representante de la Organizaci\u00f3n de Naciones Unidas para el Desarrollo Industrial (ONUDI).<br><\/p>\n\n\n\n<p>Las exposiciones estar\u00e1n centradas en los desaf\u00edos, oportunidades y el rol del Estado para el desarrollo de los mercados secundarios en Chile, con la participaci\u00f3n de representantes de Chile Neum\u00e1ticos, Asipla,&nbsp; C\u00e1mara de Comercio de Santiago, las empresas Comberplast, Coca Cola y la espa\u00f1ola Sacyr, Corfo, Construye 2025 y Fundaci\u00f3n Chile.<br><\/p>\n\n\n\n<p>Este evento virtual es patrocinado por el Ministerio de Energ\u00eda, Subsecretar\u00eda del Medio Ambiente, Superintendencia del Medio Ambiente, Servicio Agr\u00edcola y Ganadero, SOFOFA, ASEXMA, Natura, Chile Neum\u00e1ticos, Confederaci\u00f3n de la Producci\u00f3n y el Comercio, Hub Alimentos, Coca Cola, ASIPLA, Centro y Red de Tecnolog\u00eda del Clima (CTCN), Reacciona por el Clima, Construye 2025, Americas Sustainable Development Foundation (ASDF).<\/p>\n","protected":false},"excerpt":{"rendered":"<p>Bajo el lema \u201cEconom\u00eda Circular: una nueva oportunidad de negocio\u201d, destacados speakers nacionales e internacionales abordaron hoy las estrategias que se est\u00e1n desarrollando en Chile y el mundo para incorporar&#8230; <a class=\"read-more\" href=\"https:\/\/www.radiopresidenteibanez.cl\/web\/con-gran-exito-de-participacion-partio-el-congreso-virtual-que-promueve-modelos-de-negocios-circulares\/\">Leer m\u00e1s<\/a><\/p>\n","protected":false},"author":2,"featured_media":15950,"comment_status":"closed","ping_status":"closed","sticky":false,"template":"","format":"standard","meta":{"footnotes":""},"categories":[1],"tags":[],"class_list":["post-15949","post","type-post","status-publish","format-standard","has-post-thumbnail","hentry","category-cronica"],"_links":{"self":[{"href":"https:\/\/www.radiopresidenteibanez.cl\/web\/wp-json\/wp\/v2\/posts\/15949","targetHints":{"allow":["GET"]}}],"collection":[{"href":"https:\/\/www.radiopresidenteibanez.cl\/web\/wp-json\/wp\/v2\/posts"}],"about":[{"href":"https:\/\/www.radiopresidenteibanez.cl\/web\/wp-json\/wp\/v2\/types\/post"}],"author":[{"embeddable":true,"href":"https:\/\/www.radiopresidenteibanez.cl\/web\/wp-json\/wp\/v2\/users\/2"}],"replies":[{"embeddable":true,"href":"https:\/\/www.radiopresidenteibanez.cl\/web\/wp-json\/wp\/v2\/comments?post=15949"}],"version-history":[{"count":0,"href":"https:\/\/www.radiopresidenteibanez.cl\/web\/wp-json\/wp\/v2\/posts\/15949\/revisions"}],"wp:featuredmedia":[{"embeddable":true,"href":"https:\/\/www.radiopresidenteibanez.cl\/web\/wp-json\/wp\/v2\/media\/15950"}],"wp:attachment":[{"href":"https:\/\/www.radiopresidenteibanez.cl\/web\/wp-json\/wp\/v2\/media?parent=15949"}],"wp:term":[{"taxonomy":"category","embeddable":true,"href":"https:\/\/www.radiopresidenteibanez.cl\/web\/wp-json\/wp\/v2\/categories?post=15949"},{"taxonomy":"post_tag","embeddable":true,"href":"https:\/\/www.radiopresidenteibanez.cl\/web\/wp-json\/wp\/v2\/tags?post=15949"}],"curies":[{"name":"wp","href":"https:\/\/api.w.org\/{rel}","templated":true}]}}