{"id":15946,"date":"2020-11-12T04:45:00","date_gmt":"2020-11-12T04:45:00","guid":{"rendered":"https:\/\/www.radiopresidenteibanez.cl\/web\/?p=15946"},"modified":"2020-11-12T01:32:17","modified_gmt":"2020-11-12T01:32:17","slug":"alcalde-advierte-sobre-posible-cierre-del-centro-ecuestre-del-ejercito-en-punta-arenas","status":"publish","type":"post","link":"https:\/\/www.radiopresidenteibanez.cl\/web\/alcalde-advierte-sobre-posible-cierre-del-centro-ecuestre-del-ejercito-en-punta-arenas\/","title":{"rendered":"ALCALDE ADVIERTE SOBRE POSIBLE CIERRE DEL CENTRO ECUESTRE DEL EJ\u00c9RCITO EN PUNTA ARENAS"},"content":{"rendered":"\n<p>En su reciente paso por la capital, el Alcalde Claudio Radonich se reuni\u00f3 con el Ministro de Defensa, Mario Desbordes, para abordar un tema que mantiene preocupados a 120 ni\u00f1os y sus familias, y que dice relaci\u00f3n con el posible cierre del Centro Ecuestre Dragones, ubicado al interior de la 4ta Brigada Acorazada Chorrillos, perteneciente al Ej\u00e9rcito de Chile, con asiento en Punta Arenas.<\/p>\n\n\n\n<p>\u201cSe nos ha informado que el Ej\u00e9rcito estar\u00eda evaluando cerrar el Centro Ecuestre de Ojo Bueno, algo que nos preocupa mucho, ya que hay que recordar que m\u00e1s de 100 ni\u00f1os de los colegios municipales de Punta Arenas, practican Equino Terapia, por lo que nos preocupa que esto prospere, raz\u00f3n por la cual convers\u00e9 con el Ministro de Defensa, Mario Desbordes para abordar el tema y ver alternativas\u201d, inform\u00f3 el jefe comunal.<\/p>\n\n\n\n<p>Son 120 ni\u00f1os de nuestra comuna, pertenecientes a establecimientos municipales, los que forman parte de los beneficiados de este Centro Ecuestre ubicado en las afueras de la ciudad, quienes no tendr\u00edan alternativa u otro espacio similar para dar continuidad a este importante trabajo que se ha desarrollado en conjunto entre la Municipalidad y el Ej\u00e9rcito.<\/p>\n\n\n\n<p>Radonich agreg\u00f3 que \u201cla Municipalidad est\u00e1 dispuesta a colaborar para poder sostener este gran trabajo que realiza el Ej\u00e9rcito, y esperamos tener buenas noticias en el corto plazo, puesto que no tenemos otra opci\u00f3n para que estos ni\u00f1os y sus familias puedan continuar sus terapias\u201d.<\/p>\n\n\n\n<p>El Alcalde Radonich, adelant\u00f3 que la propuesta tuvo buena recepci\u00f3n por parte del Ministro Desbordes, y dijo esperar que se encuentre una soluci\u00f3n lo m\u00e1s pronto posible.<\/p>\n\n\n\n<p>Finalmente, la autoridad comunal expres\u00f3 que \u201cojal\u00e1 se pueda revertir esta decisi\u00f3n, para lo cual ponemos a disposici\u00f3n nuestra voluntad y compromiso, a objeto de poder seguir brindando apoyo a los ni\u00f1os y ni\u00f1as que llegan hasta el Centro Ecuestre\u201d.<\/p>\n","protected":false},"excerpt":{"rendered":"<p>En su reciente paso por la capital, el Alcalde Claudio Radonich se reuni\u00f3 con el Ministro de Defensa, Mario Desbordes, para abordar un tema que mantiene preocupados a 120 ni\u00f1os&#8230; <a class=\"read-more\" href=\"https:\/\/www.radiopresidenteibanez.cl\/web\/alcalde-advierte-sobre-posible-cierre-del-centro-ecuestre-del-ejercito-en-punta-arenas\/\">Leer m\u00e1s<\/a><\/p>\n","protected":false},"author":2,"featured_media":15947,"comment_status":"closed","ping_status":"closed","sticky":false,"template":"","format":"standard","meta":{"footnotes":""},"categories":[1],"tags":[],"class_list":["post-15946","post","type-post","status-publish","format-standard","has-post-thumbnail","hentry","category-cronica"],"_links":{"self":[{"href":"https:\/\/www.radiopresidenteibanez.cl\/web\/wp-json\/wp\/v2\/posts\/15946","targetHints":{"allow":["GET"]}}],"collection":[{"href":"https:\/\/www.radiopresidenteibanez.cl\/web\/wp-json\/wp\/v2\/posts"}],"about":[{"href":"https:\/\/www.radiopresidenteibanez.cl\/web\/wp-json\/wp\/v2\/types\/post"}],"author":[{"embeddable":true,"href":"https:\/\/www.radiopresidenteibanez.cl\/web\/wp-json\/wp\/v2\/users\/2"}],"replies":[{"embeddable":true,"href":"https:\/\/www.radiopresidenteibanez.cl\/web\/wp-json\/wp\/v2\/comments?post=15946"}],"version-history":[{"count":0,"href":"https:\/\/www.radiopresidenteibanez.cl\/web\/wp-json\/wp\/v2\/posts\/15946\/revisions"}],"wp:featuredmedia":[{"embeddable":true,"href":"https:\/\/www.radiopresidenteibanez.cl\/web\/wp-json\/wp\/v2\/media\/15947"}],"wp:attachment":[{"href":"https:\/\/www.radiopresidenteibanez.cl\/web\/wp-json\/wp\/v2\/media?parent=15946"}],"wp:term":[{"taxonomy":"category","embeddable":true,"href":"https:\/\/www.radiopresidenteibanez.cl\/web\/wp-json\/wp\/v2\/categories?post=15946"},{"taxonomy":"post_tag","embeddable":true,"href":"https:\/\/www.radiopresidenteibanez.cl\/web\/wp-json\/wp\/v2\/tags?post=15946"}],"curies":[{"name":"wp","href":"https:\/\/api.w.org\/{rel}","templated":true}]}}