{"id":15943,"date":"2020-11-12T04:29:00","date_gmt":"2020-11-12T04:29:00","guid":{"rendered":"https:\/\/www.radiopresidenteibanez.cl\/web\/?p=15943"},"modified":"2020-11-12T01:31:01","modified_gmt":"2020-11-12T01:31:01","slug":"minvu-inspecciona-obras-en-costanera-de-puerto-natales-que-cuenta-con-mano-de-obra-100-local","status":"publish","type":"post","link":"https:\/\/www.radiopresidenteibanez.cl\/web\/minvu-inspecciona-obras-en-costanera-de-puerto-natales-que-cuenta-con-mano-de-obra-100-local\/","title":{"rendered":"MINVU INSPECCIONA OBRAS EN COSTANERA DE PUERTO NATALES QUE CUENTA CON MANO DE OBRA 100% LOCAL"},"content":{"rendered":"\n<p>Como parte de la planificaci\u00f3n semestral de visitas a obras, el seremi de Vivienda y Urbanismo de Magallanes, Jos\u00e9 Miguel Horcos, se traslad\u00f3 hasta la Provincia de \u00daltima Esperanza para inspeccionar y evaluar el trabajo en terreno de las empresas constructoras que est\u00e1n ejecutando obras en Puerto Natales.<\/p>\n\n\n\n<p>En la instancia y acompa\u00f1ado del gobernador de \u00daltima Esperanza, Ra\u00fal Suazo; del alcalde de la comuna, Fernando Paredes y de la jefa provincial del Serviu, Carolina Prat, revisaron los importantes avances que tiene las etapas 2 y 3 de la Costanera de Puerto Natales.<\/p>\n\n\n\n<p>La etapa 2, la cual se espera que est\u00e9 concluida a principios del 2021,&nbsp;abarca un \u00e1rea de trabajo de m\u00e1s de 2 mil mt2 y de 118 ml de longitud, que consiste en obras de pavimentaci\u00f3n (aceras normales, reforzadas, aceras pigmentadas y ciclovias); obras de paisajismo, alumbrado p\u00fablico, incorporaci\u00f3n de mobiliario urbano, y obras civiles de gran envergadura que consiste en la reconstrucci\u00f3n del muro de contenci\u00f3n en el borde costero.<\/p>\n\n\n\n<p>En la visita, el seremi del Minvu,&nbsp;<strong>Jos\u00e9 Miguel Horcos<\/strong>, dijo que: \u201cEs una obra bonita y muy transitable, que renueva la calidad tur\u00edstica de esta ciudad que es relevante para el polo desarrollo que tienen. Tenemos un compromiso con la ciudadan\u00eda para mejorar los espacios p\u00fablicos; hemos invertidos m\u00e1s de $2.500 millones de pesos y esta obra es relevante, porque el Minvu est\u00e1 consciente de la importancia que tiene para Natales y qu\u00e9 mejor que renovar este espacio p\u00fablico\u201d.<\/p>\n\n\n\n<p>En cuanto a la fase 3, entre Plaza de los Vientos y calle Bories, se estima el t\u00e9rmino de la obra durante el primer trimestre del 2021 y&nbsp;abarca un \u00e1rea de trabajo de 4.357 m2 aproximadamente y que consiste en obras similares a la etapa anteriores. \u201cQuiero destacar que el 100% de los trabajadores son locales, que fue un tema que nosotros hablamos con la empresa. Como gobierno del Presidente Pi\u00f1era entendemos la importancia de estas obras que van en la l\u00ednea del&nbsp;<strong>Plan de Recuperaci\u00f3n Econ\u00f3mica<\/strong>&nbsp;que llevamos adelante\u201d, destac\u00f3 el gobernador de \u00daltima Esperanza,&nbsp;<strong>Ra\u00fal Suazo<\/strong>.<\/p>\n\n\n\n<p>En la misma l\u00ednea, el alcalde de Puerto Natales y presidente de la Asociaci\u00f3n Chilena de Municipalidades,&nbsp;<strong>Fernando Paredes<\/strong>, valor\u00f3 que: \u201cEste tipo de obra que tienen una gran magnitud est\u00e1n generado empleos para los habitantes de Natales y eso siempre ser\u00e1 importante. Esta costanera se har\u00e1 cargo de un ordenamiento vial y por el otro lado va terminar en la rotonda de Puerto Natales y, por ende, culminar\u00e1 con una costanera consolidada por ambos lados. Este proyecto corresponde a un resultado con todas las juntas de vecinos, por lo que para toda la comunidad es importante y se responde a las organizaciones sociales en sus demandas.&nbsp;<\/p>\n\n\n\n<p>Finalmente, destacar de que el Minvu busca ejecutar el cuarto y \u00faltimo tramo, donde ya se cuenta con el dise\u00f1o. Adem\u00e1s, la cartera espera contar con un financiamiento mixto entre el Minvu y el Gobierno Regional, para lo cual se van a solicitar cerca de $3 mil millones para su ejecuci\u00f3n.<\/p>\n","protected":false},"excerpt":{"rendered":"<p>Como parte de la planificaci\u00f3n semestral de visitas a obras, el seremi de Vivienda y Urbanismo de Magallanes, Jos\u00e9 Miguel Horcos, se traslad\u00f3 hasta la Provincia de \u00daltima Esperanza para&#8230; <a class=\"read-more\" href=\"https:\/\/www.radiopresidenteibanez.cl\/web\/minvu-inspecciona-obras-en-costanera-de-puerto-natales-que-cuenta-con-mano-de-obra-100-local\/\">Leer m\u00e1s<\/a><\/p>\n","protected":false},"author":2,"featured_media":15944,"comment_status":"closed","ping_status":"closed","sticky":false,"template":"","format":"standard","meta":{"footnotes":""},"categories":[1],"tags":[],"class_list":["post-15943","post","type-post","status-publish","format-standard","has-post-thumbnail","hentry","category-cronica"],"_links":{"self":[{"href":"https:\/\/www.radiopresidenteibanez.cl\/web\/wp-json\/wp\/v2\/posts\/15943","targetHints":{"allow":["GET"]}}],"collection":[{"href":"https:\/\/www.radiopresidenteibanez.cl\/web\/wp-json\/wp\/v2\/posts"}],"about":[{"href":"https:\/\/www.radiopresidenteibanez.cl\/web\/wp-json\/wp\/v2\/types\/post"}],"author":[{"embeddable":true,"href":"https:\/\/www.radiopresidenteibanez.cl\/web\/wp-json\/wp\/v2\/users\/2"}],"replies":[{"embeddable":true,"href":"https:\/\/www.radiopresidenteibanez.cl\/web\/wp-json\/wp\/v2\/comments?post=15943"}],"version-history":[{"count":0,"href":"https:\/\/www.radiopresidenteibanez.cl\/web\/wp-json\/wp\/v2\/posts\/15943\/revisions"}],"wp:featuredmedia":[{"embeddable":true,"href":"https:\/\/www.radiopresidenteibanez.cl\/web\/wp-json\/wp\/v2\/media\/15944"}],"wp:attachment":[{"href":"https:\/\/www.radiopresidenteibanez.cl\/web\/wp-json\/wp\/v2\/media?parent=15943"}],"wp:term":[{"taxonomy":"category","embeddable":true,"href":"https:\/\/www.radiopresidenteibanez.cl\/web\/wp-json\/wp\/v2\/categories?post=15943"},{"taxonomy":"post_tag","embeddable":true,"href":"https:\/\/www.radiopresidenteibanez.cl\/web\/wp-json\/wp\/v2\/tags?post=15943"}],"curies":[{"name":"wp","href":"https:\/\/api.w.org\/{rel}","templated":true}]}}