{"id":15928,"date":"2020-11-12T04:00:00","date_gmt":"2020-11-12T04:00:00","guid":{"rendered":"https:\/\/www.radiopresidenteibanez.cl\/web\/?p=15928"},"modified":"2020-11-12T01:21:55","modified_gmt":"2020-11-12T01:21:55","slug":"cartelera-de-ondamedia-suma-nueve-peliculas-nacionales-durante-noviembre","status":"publish","type":"post","link":"https:\/\/www.radiopresidenteibanez.cl\/web\/cartelera-de-ondamedia-suma-nueve-peliculas-nacionales-durante-noviembre\/","title":{"rendered":"CARTELERA DE ONDAMEDIA SUMA NUEVE PEL\u00cdCULAS NACIONALES DURANTE NOVIEMBRE"},"content":{"rendered":"\n<p>Un recorrido por diversos rincones de\nChile a trav\u00e9s de la observaci\u00f3n de los paraderos de transporte y de las\nconversaciones casuales de sus pasajeros, es el hilo conductor del documental \u201c<strong>El viaje espacial\u201d<\/strong> (2019), de Carlos\nAraya D\u00edaz, que desde el viernes integra la cartelera de Ondamedia, plataforma\nde cine nacional del Ministerio de las Culturas, las Artes y el Patrimonio. <\/p>\n\n\n\n<p>All\u00ed, desierto, ciudad, mar y nieve\nson los escenarios de un mosaico de situaciones cotidianas donde se combina el\nhumor, el drama y el absurdo. El filme, que recibi\u00f3 el premio a la Mejor\npel\u00edcula de la competencia nacional de Fidocs 2019, cuenta con el apoyo del\nConsejo del Arte y la Industria Audiovisual, CAIA, y forma parte del ciclo de\nOndamedia #CineChilenoEnCasa, compuesto por 15 cintas nacionales que no\npudieron ser estrenadas en salas debido a la emergencia sanitaria, cuyos\n\u00faltimos t\u00edtulos ser\u00e1n exhibidos en diciembre. <\/p>\n\n\n\n<p>Desde la semana pasada la plataforma\nde streaming comenz\u00f3 a exhibir tambi\u00e9n \u201c<strong>M\u00fasica\ncampesina\u201d <\/strong>(2011), de Alberto Fuguet, que relata la historia de un chileno siguiendo\nun amor en Nashville, Estados Unidos. El drama muestra que vivir como\ninmigrante no es tarea f\u00e1cil, que implica cierto grado de alienaci\u00f3n. La\npel\u00edcula recibi\u00f3 los galardones Mejor Pel\u00edcula Competencia de Cine Chileno y\nPremio MovieCity, en el Festival Internacional de Cine de Valdivia, 2011.<\/p>\n\n\n\n<p>A ella se suma \u201c<strong>G\u00e9nesis Nirvana\u201d<\/strong> (2013), drama dirigido por Alejandro Lagos que relata\nla historia de Patricia Luc\u00eda, quien sale de tribunales con una resoluci\u00f3n que\ndeja como absoluto inocente al autor de la muerte de su \u00fanica hija, G\u00e9nesis\nNirvana, una ni\u00f1a de s\u00f3lo seis a\u00f1os de edad. En su cabeza no existe m\u00e1s\njusticia que la que puede hacer con sus propias manos. Una historia de\nvenganza, que muestra al ser humano d\u00e9bil y vulnerable, capaz de perder la\ncordura ante la p\u00e9rdida de un hijo. <\/p>\n\n\n\n<p>Este mi\u00e9rcoles 11 arriba la cinta de\nmisterio \u201c<strong>V\u00edctima potencial\u201d<\/strong> (2018),\ndirigida por Nicol\u00e1s Guzm\u00e1n. Sof\u00eda es una vampira que, prisionera de un programa\nde chat llamado Sistema Alma, se ve forzada a utilizar su carrera como cantante\npop para atraer adolescentes que desean ser asesinados y concederles la muerte.\nPero estos j\u00f3venes ignoran que el precio que deben pagar es transformarse en\nfantasmas del internet. <\/p>\n\n\n\n<p>El drama<strong> \u201cMi \u00faltimo round\u201d<\/strong> (2010), de Julio Jorquera, se estrena este domingo\n15. Es la historia de un amor que nace en el sur de Chile, entre un boxeador y\nun joven ayudante de cocina. Cuando el desaliento se hace parte de sus vidas\nemprenden un viaje a la capital. La lucha por una oportunidad puede ser una\nsalida o, definitivamente, su \u00faltimo round. Entre los premios recibidos destaca\nel de Mejor interpretaci\u00f3n del Festival de Cine Gay \u201cQueer Lisboa\u201d, Portugal,\n2011.<\/p>\n\n\n\n<p>El mi\u00e9rcoles 18 ser\u00e1 el turno de \u201c<strong>Play\u201d<\/strong> (2005), comedia negra dirigida\npor Alicia Scherson. Es una pel\u00edcula acerca de Trist\u00e1n, un hombre solo y con el\ncoraz\u00f3n roto, quien trata de recobrar algo que nunca tuvo; y de Cristina, la silenciosa\ntestigo de su ca\u00edda. Esta \u00faltima cuida a un moribundo en una ciudad modesta.\nTrist\u00e1n sufre de amor en una ciudad c\u00f3moda y moderna. Irene no quiere a\nTrist\u00e1n, Cristina no quiere a Manuel y la ausencia de amor es un microscopio\nque magnifica lo ef\u00edmero. &nbsp;La cinta ha\nrecibido numerosos premios en festivales de cine de: Francia, Cuba, Portugal,\nAlemania, Rep\u00fablica Checa, Jap\u00f3n, Marruecos, EE.UU., Canad\u00e1, Ecuador y Chile.<\/p>\n\n\n\n<p>\u201c<strong>Cosas\nde hombres\u201d<\/strong> (2020), cinta que a principios de a\u00f1o alcanz\u00f3 a estrenarse en\nsalas tambi\u00e9n comenzar\u00e1 a exhibirse en Ondamedia, a partir del viernes 20. La\ncomedia, dirigida por Gabriela Sobarzo, relata la historia de tres amigos\ninseparables que llevan una larga y feliz vida juntos, hasta que Santiago\ndecide a sus 50 a\u00f1os confesar que es gay. <\/p>\n\n\n\n<p>El mi\u00e9rcoles 25, D\u00eda Internacional de la\nEliminaci\u00f3n de la Violencia contra la Mujer, se estrena \u201c<strong>El d\u00eda que me perd\u00ed\u201d<\/strong>\n(2020), pel\u00edcula mexicana dirigida por Mich Zurita que aborda el tema de la\nviolencia de g\u00e9nero. \u00bfQu\u00e9 har\u00edas si el peor d\u00eda de tu vida fuera m\u00e1s malo de lo\nque recuerdas? Xochil es una mujer que debe sumergirse en su pasado para\nencontrarse a s\u00ed misma, abriendo las puertas de un mundo que ella pensaba\nolvidado.<\/p>\n\n\n\n<p><strong>\u201cRara\u201d<\/strong> (2016), el drama dirigido por Mar\u00eda Jos\u00e9 San\nMart\u00edn, se sumar\u00e1 el viernes 27 al streaming de Ondamedia. Para Sara, los\nt\u00edpicos problemas que debe enfrentar a sus 13 a\u00f1os no tienen nada que ver con\nel hecho de que su mam\u00e1 viva con otra mujer, pero su pap\u00e1 no piensa lo mismo. <\/p>\n\n\n\n<p>Finalmente, el domingo 29 se\nincorpora \u201c<strong>Mi mejor enemigo\u201d<\/strong> (2005),\npel\u00edcula con la direcci\u00f3n de Alex Bowen. El drama relata la historia de tropas\nchilenas y argentinas que se encuentran durante la crisis que vivieron ambas\nnaciones en 1978. Los d\u00edas en la Patagonia avanzan en una tensa guardia de dos\npatrullas, una argentina y otra chilena, a la espera de un conflicto que nunca\nllega. Entre los hombres de los dos grupos, poco a poco, se van estableciendo\nlazos. La cinta ha sido galardonada en Colombia, Francia, Espa\u00f1a, Israel, Per\u00fa,\nB\u00e9lgica, EE.UU. y Chile.<\/p>\n\n\n\n<p>Todos los contenidos de la plataforma\nson gratuitos. Cabe se\u00f1alar que los productores de las pel\u00edculas reciben el pago\nde derechos correspondientes por cada visionado. De esa manera, junto con ser\nun aporte al acceso de la ciudadan\u00eda al cine nacional, Ondamedia es un apoyo a\nlos y las trabajadores y trabajadoras del audiovisual chileno.<\/p>\n","protected":false},"excerpt":{"rendered":"<p>Un recorrido por diversos rincones de Chile a trav\u00e9s de la observaci\u00f3n de los paraderos de transporte y de las conversaciones casuales de sus pasajeros, es el hilo conductor del&#8230; <a class=\"read-more\" href=\"https:\/\/www.radiopresidenteibanez.cl\/web\/cartelera-de-ondamedia-suma-nueve-peliculas-nacionales-durante-noviembre\/\">Leer m\u00e1s<\/a><\/p>\n","protected":false},"author":2,"featured_media":15929,"comment_status":"closed","ping_status":"closed","sticky":false,"template":"","format":"standard","meta":{"footnotes":""},"categories":[1],"tags":[],"class_list":["post-15928","post","type-post","status-publish","format-standard","has-post-thumbnail","hentry","category-cronica"],"_links":{"self":[{"href":"https:\/\/www.radiopresidenteibanez.cl\/web\/wp-json\/wp\/v2\/posts\/15928","targetHints":{"allow":["GET"]}}],"collection":[{"href":"https:\/\/www.radiopresidenteibanez.cl\/web\/wp-json\/wp\/v2\/posts"}],"about":[{"href":"https:\/\/www.radiopresidenteibanez.cl\/web\/wp-json\/wp\/v2\/types\/post"}],"author":[{"embeddable":true,"href":"https:\/\/www.radiopresidenteibanez.cl\/web\/wp-json\/wp\/v2\/users\/2"}],"replies":[{"embeddable":true,"href":"https:\/\/www.radiopresidenteibanez.cl\/web\/wp-json\/wp\/v2\/comments?post=15928"}],"version-history":[{"count":0,"href":"https:\/\/www.radiopresidenteibanez.cl\/web\/wp-json\/wp\/v2\/posts\/15928\/revisions"}],"wp:featuredmedia":[{"embeddable":true,"href":"https:\/\/www.radiopresidenteibanez.cl\/web\/wp-json\/wp\/v2\/media\/15929"}],"wp:attachment":[{"href":"https:\/\/www.radiopresidenteibanez.cl\/web\/wp-json\/wp\/v2\/media?parent=15928"}],"wp:term":[{"taxonomy":"category","embeddable":true,"href":"https:\/\/www.radiopresidenteibanez.cl\/web\/wp-json\/wp\/v2\/categories?post=15928"},{"taxonomy":"post_tag","embeddable":true,"href":"https:\/\/www.radiopresidenteibanez.cl\/web\/wp-json\/wp\/v2\/tags?post=15928"}],"curies":[{"name":"wp","href":"https:\/\/api.w.org\/{rel}","templated":true}]}}