{"id":15920,"date":"2020-11-12T03:15:00","date_gmt":"2020-11-12T03:15:00","guid":{"rendered":"https:\/\/www.radiopresidenteibanez.cl\/web\/?p=15920"},"modified":"2020-11-12T01:16:09","modified_gmt":"2020-11-12T01:16:09","slug":"vocero-de-gobierno-y-ciberacosono-podemos-ser-indiferentes-frente-a-la-violencia-contra-la-mujer-la-ciudadania-en-su-conjunto-y-sobre-todo-los-hombres-tenemos-que-denunciar-y-actuar","status":"publish","type":"post","link":"https:\/\/www.radiopresidenteibanez.cl\/web\/vocero-de-gobierno-y-ciberacosono-podemos-ser-indiferentes-frente-a-la-violencia-contra-la-mujer-la-ciudadania-en-su-conjunto-y-sobre-todo-los-hombres-tenemos-que-denunciar-y-actuar\/","title":{"rendered":"VOCERO DE GOBIERNO Y CIBERACOSO:\u201cNO PODEMOS SER INDIFERENTES FRENTE A LA VIOLENCIA CONTRA LA MUJER, LA CIUDADAN\u00cdA EN SU CONJUNTO, Y SOBRE TODO LOS HOMBRES, TENEMOS QUE DENUNCIAR Y ACTUAR\u201d"},"content":{"rendered":"\n<p>El Ministro Vocero de Gobierno, Jaime Bellolio, junto\na Carolina Plaza, Directora SernamEg y Camilo Cayuqueo, Director del\nObservatorio de Participaci\u00f3n Ciudadana y No Discriminaci\u00f3n del Ministerio\nSecretar\u00eda General de Gobierno, dieron inicio al ciclo de conversatorios en\ntorno a la Violencia de G\u00e9nero en Espacio Virtuales que llevar\u00e1 a cabo el\nObservatorio dirigido a funcionarios p\u00fablicos durante todo el mes de noviembre.<\/p>\n\n\n\n<p>En la instancia, el Vocero de\nGobierno entreg\u00f3 un fuerte mensaje que busca visibilizar la importancia de\nerradicar todo tipo de violencia contra la mujer y se\u00f1al\u00f3 que esta no solo es\nf\u00edsica, sino que tambi\u00e9n psicol\u00f3gica, econ\u00f3mica, simb\u00f3lica, laboral y sexual\npor lo que inst\u00f3 a la ciudadan\u00eda, y especialmente a los hombres, a no ser\ntestigos pasivos de este tipo de situaciones. \u201cNo podemos ser indiferentes\nfrente a la violencia contra la mujer, la ciudadan\u00eda en su conjunto, y sobre\ntodo los hombres, tenemos que denunciar y actuar. Si es que alguien les levanta\nla voz, les grita cosas en la calle, si es que escuchamos que alguien golpea a una\nmujer, es momento de actuar y terminar con el c\u00edrculo perverso y silencioso de\nla violencia que las rodea\u201d.<\/p>\n\n\n\n<p>En esa l\u00ednea, el Vocero expuso\nla preocupaci\u00f3n del Gobierno por el aumento en la cantidad de denuncias\nasociadas de ciberacoso entre estudiantes, pasando de un 16,45% en 2019, a 21,91% en lo que va del&nbsp; a\u00f1o. Al respecto, Bellolio se\u00f1al\u00f3 que \u201cuno de\nlos problemas que tenemos sobre esta preocupante violencia digital, es que\ntiene un sesgo de g\u00e9nero y afecta principalmente a las mujeres, a las minor\u00edas,\ny eso es completamente inaceptable\u201d, agregando que \u201cel valor de la diversidad,\nde la tolerancia y del respeto a la dignidad del otro, es la esencia de la\nmisma democracia\u201d.<\/p>\n\n\n\n<p>Por su parte, la Directora\nNacional de SernamEG, Carolina Plaza, enfatiz\u00f3 que \u201cmayoritariamente son las\nmujeres quienes est\u00e1n m\u00e1s expuestas al ciberacoso o a cualquier mensaje o\nmanifestaci\u00f3n que vulnera nuestra dignidad, por lo que poder realizar estos conversatorios\nsobre la Violencia de g\u00e9nero en espacios virtuales es un gran paso para\nerradicar el ciberacoso y terminar con la discriminaci\u00f3n en internet.\nVisibilizar est\u00e1 realidad para, realizar acciones desde el Estado hacia la\nsociedad civil es el primer caso para avanzar hacia un pa\u00eds m\u00e1s respetuoso e\ninclusivo\u201d<\/p>\n\n\n\n<p>Para finalizar, el Vocero Jaime\nBellolio anunci\u00f3 que como Gobierno pondr\u00e1n urgencia al proyecto de Ciber acoso\nque hoy se encuentra en el Senado. \u201cEs importante que hoy avancemos en esa\nmedida para que en las escuelas haya un programa para evitar el ciberacoso. Ah\u00ed\nes donde tenemos que concentrarnos, en la educaci\u00f3n, hacia los padres, madres,\nabuelos, abuelas, funcionarios p\u00fablicos para que en este mes de la erradicaci\u00f3n\nde la violencia hacia a la mujer tambi\u00e9n avancemos en la erradicaci\u00f3n de la\nviolencia en el ciberespacio\u201d.<\/p>\n","protected":false},"excerpt":{"rendered":"<p>El Ministro Vocero de Gobierno, Jaime Bellolio, junto a Carolina Plaza, Directora SernamEg y Camilo Cayuqueo, Director del Observatorio de Participaci\u00f3n Ciudadana y No Discriminaci\u00f3n del Ministerio Secretar\u00eda General de&#8230; <a class=\"read-more\" href=\"https:\/\/www.radiopresidenteibanez.cl\/web\/vocero-de-gobierno-y-ciberacosono-podemos-ser-indiferentes-frente-a-la-violencia-contra-la-mujer-la-ciudadania-en-su-conjunto-y-sobre-todo-los-hombres-tenemos-que-denunciar-y-actuar\/\">Leer m\u00e1s<\/a><\/p>\n","protected":false},"author":2,"featured_media":15921,"comment_status":"closed","ping_status":"closed","sticky":false,"template":"","format":"standard","meta":{"footnotes":""},"categories":[1],"tags":[],"class_list":["post-15920","post","type-post","status-publish","format-standard","has-post-thumbnail","hentry","category-cronica"],"_links":{"self":[{"href":"https:\/\/www.radiopresidenteibanez.cl\/web\/wp-json\/wp\/v2\/posts\/15920","targetHints":{"allow":["GET"]}}],"collection":[{"href":"https:\/\/www.radiopresidenteibanez.cl\/web\/wp-json\/wp\/v2\/posts"}],"about":[{"href":"https:\/\/www.radiopresidenteibanez.cl\/web\/wp-json\/wp\/v2\/types\/post"}],"author":[{"embeddable":true,"href":"https:\/\/www.radiopresidenteibanez.cl\/web\/wp-json\/wp\/v2\/users\/2"}],"replies":[{"embeddable":true,"href":"https:\/\/www.radiopresidenteibanez.cl\/web\/wp-json\/wp\/v2\/comments?post=15920"}],"version-history":[{"count":0,"href":"https:\/\/www.radiopresidenteibanez.cl\/web\/wp-json\/wp\/v2\/posts\/15920\/revisions"}],"wp:featuredmedia":[{"embeddable":true,"href":"https:\/\/www.radiopresidenteibanez.cl\/web\/wp-json\/wp\/v2\/media\/15921"}],"wp:attachment":[{"href":"https:\/\/www.radiopresidenteibanez.cl\/web\/wp-json\/wp\/v2\/media?parent=15920"}],"wp:term":[{"taxonomy":"category","embeddable":true,"href":"https:\/\/www.radiopresidenteibanez.cl\/web\/wp-json\/wp\/v2\/categories?post=15920"},{"taxonomy":"post_tag","embeddable":true,"href":"https:\/\/www.radiopresidenteibanez.cl\/web\/wp-json\/wp\/v2\/tags?post=15920"}],"curies":[{"name":"wp","href":"https:\/\/api.w.org\/{rel}","templated":true}]}}