{"id":1592,"date":"2019-02-25T19:57:46","date_gmt":"2019-02-25T19:57:46","guid":{"rendered":"http:\/\/www.radiopresidenteibanez.cl\/web\/?p=1592"},"modified":"2019-02-25T19:58:05","modified_gmt":"2019-02-25T19:58:05","slug":"ultimos-cupos-en-preuniversitario-con-matricula-gratis-en-cpech","status":"publish","type":"post","link":"https:\/\/www.radiopresidenteibanez.cl\/web\/ultimos-cupos-en-preuniversitario-con-matricula-gratis-en-cpech\/","title":{"rendered":"\u00daLTIMOS CUPOS EN PREUNIVERSITARIO CON MATR\u00cdCULA GRATIS EN CPECH"},"content":{"rendered":"\n<p>Preuniversitario Cpech ampli\u00f3 a esta semana &nbsp;\u2013 y hasta completar cupos \u2013 jornadas extraordinarias de inscripci\u00f3n a preu \u2013 sin pago de matr\u00edculas \u2013 &nbsp;a alumnos que cursar\u00e1n tercero, cuarto medio o hayan egresado, para preparaci\u00f3n de la PSU en todas las \u00e1reas. Si tu colegio est\u00e1 en convenio con Cpech tienes trato preferente y becas parciales.<\/p>\n\n\n\n<p>Adem\u00e1s,&nbsp; Cpech ofrece su programa MAS NEM, para que alumnos de 1\u00b0 o 2\u00b0 medio puedan optar por su preparaci\u00f3n para subir notas en matem\u00e1ticas, lenguaje, f\u00edsica, qu\u00edmica o biolog\u00eda.<\/p>\n\n\n\n<p>Consulta por los cursos de verano en diversas \u00e1reas, Se har\u00e1n en marzo, y son gratuitos.<br><\/p>\n","protected":false},"excerpt":{"rendered":"<p>Preuniversitario Cpech ampli\u00f3 a esta semana &nbsp;\u2013 y hasta completar cupos \u2013 jornadas extraordinarias de inscripci\u00f3n a preu \u2013 sin pago de matr\u00edculas \u2013 &nbsp;a alumnos que cursar\u00e1n tercero, cuarto&#8230; <a class=\"read-more\" href=\"https:\/\/www.radiopresidenteibanez.cl\/web\/ultimos-cupos-en-preuniversitario-con-matricula-gratis-en-cpech\/\">Leer m\u00e1s<\/a><\/p>\n","protected":false},"author":2,"featured_media":1593,"comment_status":"closed","ping_status":"closed","sticky":false,"template":"","format":"standard","meta":{"footnotes":""},"categories":[1],"tags":[],"class_list":["post-1592","post","type-post","status-publish","format-standard","has-post-thumbnail","hentry","category-cronica"],"_links":{"self":[{"href":"https:\/\/www.radiopresidenteibanez.cl\/web\/wp-json\/wp\/v2\/posts\/1592","targetHints":{"allow":["GET"]}}],"collection":[{"href":"https:\/\/www.radiopresidenteibanez.cl\/web\/wp-json\/wp\/v2\/posts"}],"about":[{"href":"https:\/\/www.radiopresidenteibanez.cl\/web\/wp-json\/wp\/v2\/types\/post"}],"author":[{"embeddable":true,"href":"https:\/\/www.radiopresidenteibanez.cl\/web\/wp-json\/wp\/v2\/users\/2"}],"replies":[{"embeddable":true,"href":"https:\/\/www.radiopresidenteibanez.cl\/web\/wp-json\/wp\/v2\/comments?post=1592"}],"version-history":[{"count":0,"href":"https:\/\/www.radiopresidenteibanez.cl\/web\/wp-json\/wp\/v2\/posts\/1592\/revisions"}],"wp:featuredmedia":[{"embeddable":true,"href":"https:\/\/www.radiopresidenteibanez.cl\/web\/wp-json\/wp\/v2\/media\/1593"}],"wp:attachment":[{"href":"https:\/\/www.radiopresidenteibanez.cl\/web\/wp-json\/wp\/v2\/media?parent=1592"}],"wp:term":[{"taxonomy":"category","embeddable":true,"href":"https:\/\/www.radiopresidenteibanez.cl\/web\/wp-json\/wp\/v2\/categories?post=1592"},{"taxonomy":"post_tag","embeddable":true,"href":"https:\/\/www.radiopresidenteibanez.cl\/web\/wp-json\/wp\/v2\/tags?post=1592"}],"curies":[{"name":"wp","href":"https:\/\/api.w.org\/{rel}","templated":true}]}}