{"id":15918,"date":"2020-11-12T03:00:00","date_gmt":"2020-11-12T03:00:00","guid":{"rendered":"https:\/\/www.radiopresidenteibanez.cl\/web\/?p=15918"},"modified":"2020-11-12T01:13:03","modified_gmt":"2020-11-12T01:13:03","slug":"por-amplia-mayoria-se-aprueba-el-proyecto-del-diputado-bianchi-que-permite-el-endoso-del-pasaje-aereo","status":"publish","type":"post","link":"https:\/\/www.radiopresidenteibanez.cl\/web\/por-amplia-mayoria-se-aprueba-el-proyecto-del-diputado-bianchi-que-permite-el-endoso-del-pasaje-aereo\/","title":{"rendered":"POR AMPLIA MAYOR\u00cdA SE APRUEBA EL PROYECTO DEL DIPUTADO BIANCHI QUE PERMITE EL ENDOSO DEL PASAJE A\u00c9REO"},"content":{"rendered":"\n<p>Este\nmi\u00e9rcoles, la C\u00e1mara de Diputados aprob\u00f3 la idea de legislar el proyecto que\nmodifica el C\u00f3digo Aeron\u00e1utico, permitiendo<strong> <\/strong>el endoso del boleto para que sea utilizado por un\ntercero.<\/p>\n\n\n\n<p>\u201cEste\nes un gran avance ya que este proyecto busca\nproteger y reconocer los derechos de los pasajeros que puedan transferir\nlibremente el derecho de propiedad de su ticket\u201d, asegur\u00f3 el parlamentario.<\/p>\n\n\n\n<p>La\niniciativa que fue aprobada con 129\nvotos a favor y tres abstenciones, y ahora vuelve a Comisi\u00f3n de Obras P\u00fablicas,\nTransportes y Telecomunicaciones por ser objeto de indicaciones,garantiza que el pasajero tiene el derecho de\ntransferir libremente y sin ning\u00fan costo, el pasaje emitido a su orden<strong>.<\/strong><\/p>\n\n\n\n<p>Este proyecto contempla que la transferencia deber\u00e1\nser informada con una anticipaci\u00f3n no inferior a 48 horas desde la hora de la\nfecha de salida fijada en el pasaje y solo ser\u00e1 v\u00e1lida en personas naturales.<\/p>\n\n\n\n<p>Se\u00f1ala\ntambi\u00e9n que cada persona podr\u00e1 endosar hasta tres billetes de pasajes\ndiferentes con cada transportador en un a\u00f1o calendario, y<strong> <\/strong>el endoso no podr\u00e1 efectuarse con fines de lucro, como\nactividad comercial o en forma habitual.<\/p>\n\n\n\n<p>Adem\u00e1s, la iniciativa propone que el pasajero podr\u00e1retractarse, y en este caso, el proveedor est\u00e1\nobligado a devolverle las sumas abonadas, descontando un 20% por concepto de\nmulta, sin retenci\u00f3n de gastos, en un plazo m\u00e1ximo de 45 d\u00edas h\u00e1biles contados\ndesde la solicitud.<strong><\/strong><\/p>\n","protected":false},"excerpt":{"rendered":"<p>Este mi\u00e9rcoles, la C\u00e1mara de Diputados aprob\u00f3 la idea de legislar el proyecto que modifica el C\u00f3digo Aeron\u00e1utico, permitiendo el endoso del boleto para que sea utilizado por un tercero&#8230;. <a class=\"read-more\" href=\"https:\/\/www.radiopresidenteibanez.cl\/web\/por-amplia-mayoria-se-aprueba-el-proyecto-del-diputado-bianchi-que-permite-el-endoso-del-pasaje-aereo\/\">Leer m\u00e1s<\/a><\/p>\n","protected":false},"author":2,"featured_media":5567,"comment_status":"closed","ping_status":"closed","sticky":false,"template":"","format":"standard","meta":{"footnotes":""},"categories":[1],"tags":[],"class_list":["post-15918","post","type-post","status-publish","format-standard","has-post-thumbnail","hentry","category-cronica"],"_links":{"self":[{"href":"https:\/\/www.radiopresidenteibanez.cl\/web\/wp-json\/wp\/v2\/posts\/15918","targetHints":{"allow":["GET"]}}],"collection":[{"href":"https:\/\/www.radiopresidenteibanez.cl\/web\/wp-json\/wp\/v2\/posts"}],"about":[{"href":"https:\/\/www.radiopresidenteibanez.cl\/web\/wp-json\/wp\/v2\/types\/post"}],"author":[{"embeddable":true,"href":"https:\/\/www.radiopresidenteibanez.cl\/web\/wp-json\/wp\/v2\/users\/2"}],"replies":[{"embeddable":true,"href":"https:\/\/www.radiopresidenteibanez.cl\/web\/wp-json\/wp\/v2\/comments?post=15918"}],"version-history":[{"count":0,"href":"https:\/\/www.radiopresidenteibanez.cl\/web\/wp-json\/wp\/v2\/posts\/15918\/revisions"}],"wp:featuredmedia":[{"embeddable":true,"href":"https:\/\/www.radiopresidenteibanez.cl\/web\/wp-json\/wp\/v2\/media\/5567"}],"wp:attachment":[{"href":"https:\/\/www.radiopresidenteibanez.cl\/web\/wp-json\/wp\/v2\/media?parent=15918"}],"wp:term":[{"taxonomy":"category","embeddable":true,"href":"https:\/\/www.radiopresidenteibanez.cl\/web\/wp-json\/wp\/v2\/categories?post=15918"},{"taxonomy":"post_tag","embeddable":true,"href":"https:\/\/www.radiopresidenteibanez.cl\/web\/wp-json\/wp\/v2\/tags?post=15918"}],"curies":[{"name":"wp","href":"https:\/\/api.w.org\/{rel}","templated":true}]}}