{"id":15915,"date":"2020-11-11T13:04:29","date_gmt":"2020-11-11T13:04:29","guid":{"rendered":"https:\/\/www.radiopresidenteibanez.cl\/web\/?p=15915"},"modified":"2020-11-11T13:04:33","modified_gmt":"2020-11-11T13:04:33","slug":"a-5-anos-y-un-dia-de-presidio-fue-condenado-sujeto-por-robos-de-autos-en-punta-arenas","status":"publish","type":"post","link":"https:\/\/www.radiopresidenteibanez.cl\/web\/a-5-anos-y-un-dia-de-presidio-fue-condenado-sujeto-por-robos-de-autos-en-punta-arenas\/","title":{"rendered":"A 5 A\u00d1OS Y UN D\u00cdA DE PRESIDIO FUE CONDENADO SUJETO POR  ROBOS DE AUTOS EN PUNTA ARENAS"},"content":{"rendered":"\n<p>Juan Pablo Mesias Merkle fue condenado, en\njuicio oral, a 5 a\u00f1os y un d\u00eda de presidio efectivo,&nbsp; como autor de dos delitos de robo de veh\u00edculo\nmotorizado. <\/p>\n\n\n\n<p>Cabe recordar que durante el juicio, efectuado\nla semana pasada, el Fiscal Jefe de la Unidad de An\u00e1lisis Criminal y Focos\nInvestigativos, SACFI, Felipe Aguirre, prob\u00f3, fruto de una investigaci\u00f3n\nrealizada conjuntamente con la&nbsp; Brigada\nde Robos, al trabajo pericial de huellas por parte del perito PDI y al an\u00e1lisis\nde las c\u00e1maras de seguridad, entre otros, que el viernes 29 de marzo del a\u00f1o pasado, en horas de la madrugada, Mesias Merkle sustrajo un autom\u00f3vil marca Hyundai modelo euro accent, a\u00f1o 1995,\ncolor blanco que se encontraba estacionado y cerrado en calle Ventisquero Lucia,\nfrente al domicilio de su propietaria. Para ello utiliz\u00f3 un elemento o llave\nfalsa y lo empuj\u00f3 unos metros para luego hacerlo partir conectando los cables\nde la chapa, huyendo con \u00e9l, siendo hallado el auto, ese mismo d\u00eda, en el&nbsp; sector sur de la ciudad.<\/p>\n\n\n\n<p>El segundo hecho en tanto, se perpetr\u00f3, meses m\u00e1s\ntarde, durante la madrugada del\ns\u00e1bado 20 de julio, en circunstancias que la v\u00edctima dej\u00f3 estacionado su\nveh\u00edculo marca Hyundai, modelo euro accent, a\u00f1o 1997, color gris, en los\nestacionamientos de los edificios de calle salesianos, desde donde el acusado\nlo sustrajo, de similar manera que el anterior, siendo hallado\ntres d\u00edas despu\u00e9s en la intersecci\u00f3n de las calles Francisco Antonio Pinto con\nJose Perich Slater.<\/p>\n","protected":false},"excerpt":{"rendered":"<p>Juan Pablo Mesias Merkle fue condenado, en juicio oral, a 5 a\u00f1os y un d\u00eda de presidio efectivo,&nbsp; como autor de dos delitos de robo de veh\u00edculo motorizado. Cabe recordar&#8230; <a class=\"read-more\" href=\"https:\/\/www.radiopresidenteibanez.cl\/web\/a-5-anos-y-un-dia-de-presidio-fue-condenado-sujeto-por-robos-de-autos-en-punta-arenas\/\">Leer m\u00e1s<\/a><\/p>\n","protected":false},"author":2,"featured_media":740,"comment_status":"closed","ping_status":"closed","sticky":false,"template":"","format":"standard","meta":{"footnotes":""},"categories":[1],"tags":[],"class_list":["post-15915","post","type-post","status-publish","format-standard","has-post-thumbnail","hentry","category-cronica"],"_links":{"self":[{"href":"https:\/\/www.radiopresidenteibanez.cl\/web\/wp-json\/wp\/v2\/posts\/15915","targetHints":{"allow":["GET"]}}],"collection":[{"href":"https:\/\/www.radiopresidenteibanez.cl\/web\/wp-json\/wp\/v2\/posts"}],"about":[{"href":"https:\/\/www.radiopresidenteibanez.cl\/web\/wp-json\/wp\/v2\/types\/post"}],"author":[{"embeddable":true,"href":"https:\/\/www.radiopresidenteibanez.cl\/web\/wp-json\/wp\/v2\/users\/2"}],"replies":[{"embeddable":true,"href":"https:\/\/www.radiopresidenteibanez.cl\/web\/wp-json\/wp\/v2\/comments?post=15915"}],"version-history":[{"count":0,"href":"https:\/\/www.radiopresidenteibanez.cl\/web\/wp-json\/wp\/v2\/posts\/15915\/revisions"}],"wp:featuredmedia":[{"embeddable":true,"href":"https:\/\/www.radiopresidenteibanez.cl\/web\/wp-json\/wp\/v2\/media\/740"}],"wp:attachment":[{"href":"https:\/\/www.radiopresidenteibanez.cl\/web\/wp-json\/wp\/v2\/media?parent=15915"}],"wp:term":[{"taxonomy":"category","embeddable":true,"href":"https:\/\/www.radiopresidenteibanez.cl\/web\/wp-json\/wp\/v2\/categories?post=15915"},{"taxonomy":"post_tag","embeddable":true,"href":"https:\/\/www.radiopresidenteibanez.cl\/web\/wp-json\/wp\/v2\/tags?post=15915"}],"curies":[{"name":"wp","href":"https:\/\/api.w.org\/{rel}","templated":true}]}}