{"id":15913,"date":"2020-11-11T13:01:28","date_gmt":"2020-11-11T13:01:28","guid":{"rendered":"https:\/\/www.radiopresidenteibanez.cl\/web\/?p=15913"},"modified":"2020-11-11T13:01:33","modified_gmt":"2020-11-11T13:01:33","slug":"juventud-socialista-hace-un-llamado-para-que-la-oposicion-se-mida-en-primarias-de-cara-a-la-eleccion-de-alcaldes","status":"publish","type":"post","link":"https:\/\/www.radiopresidenteibanez.cl\/web\/juventud-socialista-hace-un-llamado-para-que-la-oposicion-se-mida-en-primarias-de-cara-a-la-eleccion-de-alcaldes\/","title":{"rendered":"JUVENTUD SOCIALISTA HACE UN LLAMADO PARA QUE LA OPOSICI\u00d3N SE MIDA EN PRIMARIAS DE CARA A LA ELECCI\u00d3N DE ALCALDES"},"content":{"rendered":"\n<p>Desde la Juventud Socialista de Magallanes vemos con\npreocupaci\u00f3n que las manifestaciones de unidad dentro de la oposici\u00f3n en la\nregi\u00f3n no tengan a\u00fan una bajada en la pr\u00e1ctica. Entendemos que hoy m\u00e1s que\nnunca se requiere dejar las mezquindades de lado y dar se\u00f1ales claras de que\nlos partidos pol\u00edticos y sus militantes asumimos con madurez los desaf\u00edos que\ntenemos tanto a nivel nacional como local.<\/p>\n\n\n\n<p>No podemos perder de vista lo importante. Nuestro principal\nobjetivo es ganarle en todos los espacios a quienes\nhist\u00f3ricamente han negado\nlas necesidades de la gente.\nY este triunfo no puede ni debe ser vac\u00edo. Esto no es\nantojadizo, no se trata de ganar por ganar, el fin es poner las ideas y las personas\na disposici\u00f3n de la ciudadan\u00eda. En la regi\u00f3n\nexisten distintas candidaturas de oposici\u00f3n, donde el fondo es compartido y los puntos\nen com\u00fan, sin duda, son mucho m\u00e1s que las diferencias.<\/p>\n\n\n\n<p>Tenemos claridad absoluta de que la \u00fanica forma correcta de\nhacer pol\u00edtica es siendo responsables de nuestras decisiones y siendo capaces\nde llegar a acuerdos que permitan poner a disposici\u00f3n de la ciudadan\u00eda a\nnuestros y nuestras mejores militantes.<\/p>\n\n\n\n<p>Como J\u00f3venes Socialistas hacemos un llamado abierto a todos\nlos partidos de oposici\u00f3n a definir primarias municipales donde haya m\u00e1s de un\ncandidato o candidata de nuestro sector. Tenemos claro que <strong>no da lo mismo qui\u00e9n gobierne <\/strong>y que tenemos que ser capaces de ponernos\nde acuerdo en un proyecto\ncom\u00fan que permita\nel pleno desarrollo de las personas\nen cada una de las comunas\nde la regi\u00f3n.<\/p>\n\n\n\n<h5 class=\"wp-block-heading\">Vanja Rogosich Cvitanic<\/h5>\n\n\n\n<p><strong>Presidenta Regional Juventud\nSocialista de Magallanes<\/strong><\/p>\n","protected":false},"excerpt":{"rendered":"<p>Desde la Juventud Socialista de Magallanes vemos con preocupaci\u00f3n que las manifestaciones de unidad dentro de la oposici\u00f3n en la regi\u00f3n no tengan a\u00fan una bajada en la pr\u00e1ctica. Entendemos&#8230; <a class=\"read-more\" href=\"https:\/\/www.radiopresidenteibanez.cl\/web\/juventud-socialista-hace-un-llamado-para-que-la-oposicion-se-mida-en-primarias-de-cara-a-la-eleccion-de-alcaldes\/\">Leer m\u00e1s<\/a><\/p>\n","protected":false},"author":2,"featured_media":6060,"comment_status":"closed","ping_status":"closed","sticky":false,"template":"","format":"standard","meta":{"footnotes":""},"categories":[1],"tags":[],"class_list":["post-15913","post","type-post","status-publish","format-standard","has-post-thumbnail","hentry","category-cronica"],"_links":{"self":[{"href":"https:\/\/www.radiopresidenteibanez.cl\/web\/wp-json\/wp\/v2\/posts\/15913","targetHints":{"allow":["GET"]}}],"collection":[{"href":"https:\/\/www.radiopresidenteibanez.cl\/web\/wp-json\/wp\/v2\/posts"}],"about":[{"href":"https:\/\/www.radiopresidenteibanez.cl\/web\/wp-json\/wp\/v2\/types\/post"}],"author":[{"embeddable":true,"href":"https:\/\/www.radiopresidenteibanez.cl\/web\/wp-json\/wp\/v2\/users\/2"}],"replies":[{"embeddable":true,"href":"https:\/\/www.radiopresidenteibanez.cl\/web\/wp-json\/wp\/v2\/comments?post=15913"}],"version-history":[{"count":0,"href":"https:\/\/www.radiopresidenteibanez.cl\/web\/wp-json\/wp\/v2\/posts\/15913\/revisions"}],"wp:featuredmedia":[{"embeddable":true,"href":"https:\/\/www.radiopresidenteibanez.cl\/web\/wp-json\/wp\/v2\/media\/6060"}],"wp:attachment":[{"href":"https:\/\/www.radiopresidenteibanez.cl\/web\/wp-json\/wp\/v2\/media?parent=15913"}],"wp:term":[{"taxonomy":"category","embeddable":true,"href":"https:\/\/www.radiopresidenteibanez.cl\/web\/wp-json\/wp\/v2\/categories?post=15913"},{"taxonomy":"post_tag","embeddable":true,"href":"https:\/\/www.radiopresidenteibanez.cl\/web\/wp-json\/wp\/v2\/tags?post=15913"}],"curies":[{"name":"wp","href":"https:\/\/api.w.org\/{rel}","templated":true}]}}