{"id":15910,"date":"2020-11-11T12:55:41","date_gmt":"2020-11-11T12:55:41","guid":{"rendered":"https:\/\/www.radiopresidenteibanez.cl\/web\/?p=15910"},"modified":"2020-11-11T12:55:46","modified_gmt":"2020-11-11T12:55:46","slug":"declaracion-publica-asociacion-de-funcionarios-superintendencia-de-educacion","status":"publish","type":"post","link":"https:\/\/www.radiopresidenteibanez.cl\/web\/declaracion-publica-asociacion-de-funcionarios-superintendencia-de-educacion\/","title":{"rendered":"DECLARACI\u00d3N P\u00daBLICA ASOCIACI\u00d3N DE FUNCIONARIOS SUPERINTENDENCIA DE EDUCACI\u00d3N"},"content":{"rendered":"\n<p>Como Asociaci\u00f3n de\nFuncionarios de la Superintendencia de Educaci\u00f3n, ASUME-MAGALLANES, hemos\ntomado conocimiento de la notificaci\u00f3n mediante la cual el Sr. Superintendente\nde Educaci\u00f3n, Cristian O\u00b4Ryan Squella, ha aplicado la sanci\u00f3n de destituci\u00f3n\ndel servicio por presuntas faltas a la probidad de dos de nuestras socias de\nAsume, una de la regi\u00f3n de Los Lagos y la otra de la Regi\u00f3n de Coquimbo, en la\nactualidad bajo fuero maternal.<\/p>\n\n\n\n<p>Nos parece de suma gravedad que no se\nhaya considerado en la\ndecisi\u00f3n adoptada\nde destituci\u00f3n el\nderecho a\nla maternidad de\nlas trabajadoras,\nencontr\u00e1ndose, haciendo uso de su fuero maternal.<\/p>\n\n\n\n<p>Repudiamos este accionar, pues echa por tierra el slogan de \u201c<strong>los ni\u00f1os primero<\/strong>\u201d, hoy los hijos de\nlas socias no est\u00e1n\nprimero, pues no solo se aplica una\nmedida\ndesproporcionada en relaci\u00f3n con los hechos investigados, sino que se pasa por alto, la calidad de trabajadora, su fuero maternal y su irreprochable conducta anterior, lo que sienta definitivamente un mal precedente. Nos preocupa el l\u00edmite que hoy esta autoridad est\u00e1 zanjando para sancionar con una medida excepcional, que se aplica frente a faltas graves\na la probidad administrativa y\nque\nhoy se estar\u00eda aplicando frente a hechos de car\u00e1cter administrativo, en\nel marco de sus funciones y que cualquier funcionaria o funcionario podr\u00eda verse involucrado.<\/p>\n\n\n\n<p>Nuestra raz\u00f3n de ser y misi\u00f3n apunta hacia el resguardo de los derechos de la comunidad educativa derivado del cumplimiento de la normativa educacional vigente,\npor\nesto resulta inconsistente, que los procedimientos disciplinarios\ninternos aplicados a los funcionarios y funcionarias, no sean justos y proporcionales, no respetan en definitiva los derechos\nde que gozan,\nen particular\nel derecho a la maternidad, obviando en sus decisiones y resoluciones considerar el inter\u00e9s\nsuperior del &nbsp;ni\u00f1o, conforme a los\nprincipios y el\nordenamiento jur\u00eddico vigente.<\/p>\n\n\n\n<p>Apoyaremos y defenderemos\na cualquier funcionaria\/o que se vea afectada\/o en sus\nderechos ya que en nuestra opini\u00f3n sienta\nun\ngrav\u00edsimo precedente\npara el desempe\u00f1o laboral\ny la estabilidad funcionaria de los trabajadores y especialmente para las trabajadoras y\nsocias de la Superintendencia de Educaci\u00f3n.<\/p>\n\n\n\n<p>Ignacio D. Gallardo Trivi\u00f1o<\/p>\n\n\n\n<p>Presidente Regional<\/p>\n\n\n\n<p>Asociaci\u00f3n de Funcionarios Superintendencia de\nEducaci\u00f3n<\/p>\n\n\n\n<p>Asume &#8211; Magallanes<\/p>\n","protected":false},"excerpt":{"rendered":"<p>Como Asociaci\u00f3n de Funcionarios de la Superintendencia de Educaci\u00f3n, ASUME-MAGALLANES, hemos tomado conocimiento de la notificaci\u00f3n mediante la cual el Sr. Superintendente de Educaci\u00f3n, Cristian O\u00b4Ryan Squella, ha aplicado la&#8230; <a class=\"read-more\" href=\"https:\/\/www.radiopresidenteibanez.cl\/web\/declaracion-publica-asociacion-de-funcionarios-superintendencia-de-educacion\/\">Leer m\u00e1s<\/a><\/p>\n","protected":false},"author":2,"featured_media":15911,"comment_status":"closed","ping_status":"closed","sticky":false,"template":"","format":"standard","meta":{"footnotes":""},"categories":[1],"tags":[],"class_list":["post-15910","post","type-post","status-publish","format-standard","has-post-thumbnail","hentry","category-cronica"],"_links":{"self":[{"href":"https:\/\/www.radiopresidenteibanez.cl\/web\/wp-json\/wp\/v2\/posts\/15910","targetHints":{"allow":["GET"]}}],"collection":[{"href":"https:\/\/www.radiopresidenteibanez.cl\/web\/wp-json\/wp\/v2\/posts"}],"about":[{"href":"https:\/\/www.radiopresidenteibanez.cl\/web\/wp-json\/wp\/v2\/types\/post"}],"author":[{"embeddable":true,"href":"https:\/\/www.radiopresidenteibanez.cl\/web\/wp-json\/wp\/v2\/users\/2"}],"replies":[{"embeddable":true,"href":"https:\/\/www.radiopresidenteibanez.cl\/web\/wp-json\/wp\/v2\/comments?post=15910"}],"version-history":[{"count":0,"href":"https:\/\/www.radiopresidenteibanez.cl\/web\/wp-json\/wp\/v2\/posts\/15910\/revisions"}],"wp:featuredmedia":[{"embeddable":true,"href":"https:\/\/www.radiopresidenteibanez.cl\/web\/wp-json\/wp\/v2\/media\/15911"}],"wp:attachment":[{"href":"https:\/\/www.radiopresidenteibanez.cl\/web\/wp-json\/wp\/v2\/media?parent=15910"}],"wp:term":[{"taxonomy":"category","embeddable":true,"href":"https:\/\/www.radiopresidenteibanez.cl\/web\/wp-json\/wp\/v2\/categories?post=15910"},{"taxonomy":"post_tag","embeddable":true,"href":"https:\/\/www.radiopresidenteibanez.cl\/web\/wp-json\/wp\/v2\/tags?post=15910"}],"curies":[{"name":"wp","href":"https:\/\/api.w.org\/{rel}","templated":true}]}}