{"id":15903,"date":"2020-11-11T05:00:00","date_gmt":"2020-11-11T05:00:00","guid":{"rendered":"https:\/\/www.radiopresidenteibanez.cl\/web\/?p=15903"},"modified":"2020-11-11T01:51:32","modified_gmt":"2020-11-11T01:51:32","slug":"213-personas-pudieron-hacerse-pcr-gratuito-en-la-plaza-de-armas","status":"publish","type":"post","link":"https:\/\/www.radiopresidenteibanez.cl\/web\/213-personas-pudieron-hacerse-pcr-gratuito-en-la-plaza-de-armas\/","title":{"rendered":"213 PERSONAS PUDIERON HACERSE PCR GRATUITO EN LA PLAZA DE ARMAS"},"content":{"rendered":"\n<p>Durante esta jornada, se desarroll\u00f3 un nuevo operativo de B\u00fasqueda Activa de Casos Covid-19, pero esta vez en plena Plaza de Armas Benjam\u00edn Mu\u00f1oz Gamero, la cual logr\u00f3 captar la asistencia de poco m\u00e1s de 200 personas, quienes pudieron realizarse un PCR gratuito, voluntario y en pocos minutos, lo cual fue valorado y destacado por los vecinos.<\/p>\n\n\n\n<p>\u201cComenzamos en agosto con los testeos en barrios, por lo que ya son m\u00e1s de 10 mil los vecinos que de manera gratuita, han podido tomarse un PCR gracias a este trabajo conjunto. Esto sigue y vamos a continuar todas las semanas, porque creemos que es fundamental mantener la B\u00fasqueda Activa\u201d, expres\u00f3 el Alcalde Claudio Radonich.<\/p>\n\n\n\n<p>Asimismo, el jefe comunal, dijo que \u201chay muchas personas que no pueden pagar el costo que tiene hacerse el examen de manera privada, por lo que es importante estar en las calles y barrios de la ciudad. La idea es que los vecinos est\u00e9n atentos a la informaci\u00f3n de nuestras redes sociales, para acceder de manera gratuita a la toma de PCR\u201d.<\/p>\n\n\n\n<p>Jeanette Ram\u00edrez, una de las personas que se acerc\u00f3 a la Plaza de Armas de Punta Arenas, valor\u00f3 la instancia diciendo que \u201cencuentro excelente estos operativos para poder prevenir, y para saber en qu\u00e9 condiciones realmente nos encontramos\u201d. En cuanto al proceso de la toma de PCR, agreg\u00f3 que fue bastante r\u00e1pido y recomienda que las personas se hagan el examen cuando tengan la posibilidad.<\/p>\n\n\n\n<p>Ricardo, quien se realiz\u00f3 el examen en la Cl\u00ednica M\u00f3vil Municipal, a\u00f1adi\u00f3 que \u201cconsidero que es una buena alternativa para la comunidad, porque todos vamos saliendo de la duda respecto al COVID. La verdad invito a la comunidad para que se haga el examen. Yo vivo solo, as\u00ed que logro cuidarme de buena manera\u201d.<\/p>\n\n\n\n<p>Finalmente, el Alcalde agradeci\u00f3 a los funcionarios que han estado trabajando de manera permanente todo este tiempo, puesto que es un trabajo de la Municipalidad, de la Cormupa y tambi\u00e9n de Salud.<\/p>\n\n\n\n<p>Entre el 2 y 10 de noviembre, el equipo municipal de Testeo, Trazabilidad y Aislamiento, ha tomado Mil 421 ex\u00e1menes&nbsp; PCR, &nbsp;lo que se desprende de 15 operativos de B\u00fasqueda Activa de Casos.<\/p>\n","protected":false},"excerpt":{"rendered":"<p>Durante esta jornada, se desarroll\u00f3 un nuevo operativo de B\u00fasqueda Activa de Casos Covid-19, pero esta vez en plena Plaza de Armas Benjam\u00edn Mu\u00f1oz Gamero, la cual logr\u00f3 captar la&#8230; <a class=\"read-more\" href=\"https:\/\/www.radiopresidenteibanez.cl\/web\/213-personas-pudieron-hacerse-pcr-gratuito-en-la-plaza-de-armas\/\">Leer m\u00e1s<\/a><\/p>\n","protected":false},"author":2,"featured_media":15904,"comment_status":"closed","ping_status":"closed","sticky":false,"template":"","format":"standard","meta":{"footnotes":""},"categories":[1],"tags":[],"class_list":["post-15903","post","type-post","status-publish","format-standard","has-post-thumbnail","hentry","category-cronica"],"_links":{"self":[{"href":"https:\/\/www.radiopresidenteibanez.cl\/web\/wp-json\/wp\/v2\/posts\/15903","targetHints":{"allow":["GET"]}}],"collection":[{"href":"https:\/\/www.radiopresidenteibanez.cl\/web\/wp-json\/wp\/v2\/posts"}],"about":[{"href":"https:\/\/www.radiopresidenteibanez.cl\/web\/wp-json\/wp\/v2\/types\/post"}],"author":[{"embeddable":true,"href":"https:\/\/www.radiopresidenteibanez.cl\/web\/wp-json\/wp\/v2\/users\/2"}],"replies":[{"embeddable":true,"href":"https:\/\/www.radiopresidenteibanez.cl\/web\/wp-json\/wp\/v2\/comments?post=15903"}],"version-history":[{"count":0,"href":"https:\/\/www.radiopresidenteibanez.cl\/web\/wp-json\/wp\/v2\/posts\/15903\/revisions"}],"wp:featuredmedia":[{"embeddable":true,"href":"https:\/\/www.radiopresidenteibanez.cl\/web\/wp-json\/wp\/v2\/media\/15904"}],"wp:attachment":[{"href":"https:\/\/www.radiopresidenteibanez.cl\/web\/wp-json\/wp\/v2\/media?parent=15903"}],"wp:term":[{"taxonomy":"category","embeddable":true,"href":"https:\/\/www.radiopresidenteibanez.cl\/web\/wp-json\/wp\/v2\/categories?post=15903"},{"taxonomy":"post_tag","embeddable":true,"href":"https:\/\/www.radiopresidenteibanez.cl\/web\/wp-json\/wp\/v2\/tags?post=15903"}],"curies":[{"name":"wp","href":"https:\/\/api.w.org\/{rel}","templated":true}]}}