{"id":159,"date":"2018-12-30T13:43:34","date_gmt":"2018-12-30T13:43:34","guid":{"rendered":"http:\/\/www.radiopresidenteibanez.cl\/web\/?p=159"},"modified":"2018-12-30T13:43:42","modified_gmt":"2018-12-30T13:43:42","slug":"agrupacion-de-medicos-se-refiere-al-despido-por-parte-de-la-cormupa-al-doctor-nicolas-inostroza","status":"publish","type":"post","link":"https:\/\/www.radiopresidenteibanez.cl\/web\/agrupacion-de-medicos-se-refiere-al-despido-por-parte-de-la-cormupa-al-doctor-nicolas-inostroza\/","title":{"rendered":"AGRUPACI\u00d3N DE M\u00c9DICOS SE REFIERE AL DESPIDO POR PARTE DE LA CORMUPA AL DOCTOR NICOL\u00c1S INOSTROZA"},"content":{"rendered":"\n<p>Como Agrupaci\u00f3n de M\u00e9dicos de\nAtenci\u00f3n Primaria de Punta Arenas, consideramos inaceptable la desvinculaci\u00f3n\nal Dr. Nicol\u00e1s Inostroza; por parte del \u00c1rea de salud de la CORMUPA se alude a\nla no renovaci\u00f3n de contrato, pero consideramos que existe una persecuci\u00f3n por\nlas declaraciones que el colega realiz\u00f3 a la Prensa Austral que fueron\nrespaldadas por la Agrupaci\u00f3n de m\u00e9dicos APS y Colegio M\u00e9dico regional, en\nrespuesta a sus declaraciones fue p\u00fablicamente amedrentado por la jefa de \u00c1rea\nSra. Rosa Bidart con acciones judiciales y amenazas con poner t\u00e9rmino a su\ncontrato. <\/p>\n\n\n\n<p>Existe un vinculo del colega\ncon la comunidad de 5 a\u00f1os, que es valorada por ellos y por el equipo de salud,\ncreemos que es de gran importancia la continuidad en la atenci\u00f3n que ha\nlogrado, avalado por la excelente evaluaci\u00f3n que se a realizado al colega en\nsus a\u00f1os de servicio por parte de su jefatura directa y comunidad.<\/p>\n\n\n\n<p>Rechazamos la censura, el\namedrentamiento, apoyamos la libertad de expresi\u00f3n m\u00e1s cuando se busca un bien\npara la comunidad, buscamos mejorar las condiciones en las que se desarrolla la\nAPS, trabajar en conjunto y lograr ser escuchados como estamento m\u00e9dico. <\/p>\n\n\n\n<p>Queremos justicia en favor de nuestro colega y en beneficio a la comunidad que el atiende y representa, as\u00ed como evitar situaciones similares a otros trabajadores en el futuro. Nuestro agrupaci\u00f3n lo respalda y contamos con el apoyo del COLMED regional y de la Uni\u00f3n Comunal de Punta Arenas.<\/p>\n\n\n\n<p>Imagen: Google\/LPA<\/p>\n","protected":false},"excerpt":{"rendered":"<p>Como Agrupaci\u00f3n de M\u00e9dicos de Atenci\u00f3n Primaria de Punta Arenas, consideramos inaceptable la desvinculaci\u00f3n al Dr. Nicol\u00e1s Inostroza; por parte del \u00c1rea de salud de la CORMUPA se alude a&#8230; <a class=\"read-more\" href=\"https:\/\/www.radiopresidenteibanez.cl\/web\/agrupacion-de-medicos-se-refiere-al-despido-por-parte-de-la-cormupa-al-doctor-nicolas-inostroza\/\">Leer m\u00e1s<\/a><\/p>\n","protected":false},"author":2,"featured_media":160,"comment_status":"closed","ping_status":"closed","sticky":false,"template":"","format":"standard","meta":{"footnotes":""},"categories":[1],"tags":[],"class_list":["post-159","post","type-post","status-publish","format-standard","has-post-thumbnail","hentry","category-cronica"],"_links":{"self":[{"href":"https:\/\/www.radiopresidenteibanez.cl\/web\/wp-json\/wp\/v2\/posts\/159","targetHints":{"allow":["GET"]}}],"collection":[{"href":"https:\/\/www.radiopresidenteibanez.cl\/web\/wp-json\/wp\/v2\/posts"}],"about":[{"href":"https:\/\/www.radiopresidenteibanez.cl\/web\/wp-json\/wp\/v2\/types\/post"}],"author":[{"embeddable":true,"href":"https:\/\/www.radiopresidenteibanez.cl\/web\/wp-json\/wp\/v2\/users\/2"}],"replies":[{"embeddable":true,"href":"https:\/\/www.radiopresidenteibanez.cl\/web\/wp-json\/wp\/v2\/comments?post=159"}],"version-history":[{"count":0,"href":"https:\/\/www.radiopresidenteibanez.cl\/web\/wp-json\/wp\/v2\/posts\/159\/revisions"}],"wp:featuredmedia":[{"embeddable":true,"href":"https:\/\/www.radiopresidenteibanez.cl\/web\/wp-json\/wp\/v2\/media\/160"}],"wp:attachment":[{"href":"https:\/\/www.radiopresidenteibanez.cl\/web\/wp-json\/wp\/v2\/media?parent=159"}],"wp:term":[{"taxonomy":"category","embeddable":true,"href":"https:\/\/www.radiopresidenteibanez.cl\/web\/wp-json\/wp\/v2\/categories?post=159"},{"taxonomy":"post_tag","embeddable":true,"href":"https:\/\/www.radiopresidenteibanez.cl\/web\/wp-json\/wp\/v2\/tags?post=159"}],"curies":[{"name":"wp","href":"https:\/\/api.w.org\/{rel}","templated":true}]}}