{"id":15886,"date":"2020-11-11T03:30:00","date_gmt":"2020-11-11T03:30:00","guid":{"rendered":"https:\/\/www.radiopresidenteibanez.cl\/web\/?p=15886"},"modified":"2020-11-11T01:24:17","modified_gmt":"2020-11-11T01:24:17","slug":"alcalde-de-natales-solicita-al-ministro-de-salud-el-termino-de-la-cuarentena-total-en-la-comuna","status":"publish","type":"post","link":"https:\/\/www.radiopresidenteibanez.cl\/web\/alcalde-de-natales-solicita-al-ministro-de-salud-el-termino-de-la-cuarentena-total-en-la-comuna\/","title":{"rendered":"ALCALDE DE NATALES SOLICITA AL MINISTRO DE SALUD EL T\u00c9RMINO DE LA CUARENTENA TOTAL EN LA COMUNA"},"content":{"rendered":"\n<p>Despues de m\u00e1s\nde dos meses de cuarentena, el alcalde de la comuna, Fernando Paredes Mansilla,\nenvi\u00f3 un oficio al minisitro Enrique Paris para solicitar considerar avanzar de\nfase en la comuna de Natales. <\/p>\n\n\n\n<p>A trav\u00e9s del\ndocumento, el edil expresa su preocupaci\u00f3n por la situaci\u00f3n econ\u00f3mica adversa\nde los habitantes de toda la provincia, producto que la mayor\u00eda de las personas\ntrabaja ligada al rubro del tur\u00edsmo de forma directa o indirecta. <\/p>\n\n\n\n<p>Respecto a\nesta situaci\u00f3n, el edil mencion\u00f3 que \u201cla principal actividad productiva de\nnuestra gente es el turismo, muchas familias dependen completamente de la\ntemporada tur\u00edstica para mantener su hogar. Lamentablemente en fase 1 cada una\nde estas personas se queda sin ingreso alguno y esta es una situaci\u00f3n que se\nviene arrastrando hace meses\u201d.<\/p>\n\n\n\n<p>Producto de lo\nmencionado, la m\u00e1xima autoridad comunal agreg\u00f3 que \u201cesta situaci\u00f3n tiene que\ncambiar, es por esto que le ped\u00ed al ministro de Salud dar prioridad al caso de\nPuerto Natales y considerar un pronto cambio de fase en nuestra comuna\u201d.<\/p>\n\n\n\n<p>La solicitud\nest\u00e1 respaldada en los \u00faltimos reportes entregados por el mismo ministerio, en\ndonde se manifiesta una baja considerable en los \u00edndices de positividad y de\ncontagio en la comuna, presentando hoy 84 casos activos.<\/p>\n\n\n\n<p>Asimismo, el\njefe comunal manifest\u00f3 que de seguir as\u00ed muchas m\u00e1s pymes seguir\u00e1n\ndesapareciendo y se vivir\u00e1 un fuerte retroceso en el gremio tur\u00edstico que\ndurante muchos a\u00f1os ha llevado la delantera en el pa\u00eds.<\/p>\n\n\n\n<p>Es importante\nse\u00f1alar que la muncipalidad junto a los transportistas, hoteleros, comercio y\nrestaurantes han participado durante meses en capacitaciones y certificaciones\nde protocolos salinatarios, permitiendo estar preparados para un pronto inicio\nde sus funciones.<\/p>\n","protected":false},"excerpt":{"rendered":"<p>Despues de m\u00e1s de dos meses de cuarentena, el alcalde de la comuna, Fernando Paredes Mansilla, envi\u00f3 un oficio al minisitro Enrique Paris para solicitar considerar avanzar de fase en&#8230; <a class=\"read-more\" href=\"https:\/\/www.radiopresidenteibanez.cl\/web\/alcalde-de-natales-solicita-al-ministro-de-salud-el-termino-de-la-cuarentena-total-en-la-comuna\/\">Leer m\u00e1s<\/a><\/p>\n","protected":false},"author":2,"featured_media":14301,"comment_status":"closed","ping_status":"closed","sticky":false,"template":"","format":"standard","meta":{"footnotes":""},"categories":[1],"tags":[],"class_list":["post-15886","post","type-post","status-publish","format-standard","has-post-thumbnail","hentry","category-cronica"],"_links":{"self":[{"href":"https:\/\/www.radiopresidenteibanez.cl\/web\/wp-json\/wp\/v2\/posts\/15886","targetHints":{"allow":["GET"]}}],"collection":[{"href":"https:\/\/www.radiopresidenteibanez.cl\/web\/wp-json\/wp\/v2\/posts"}],"about":[{"href":"https:\/\/www.radiopresidenteibanez.cl\/web\/wp-json\/wp\/v2\/types\/post"}],"author":[{"embeddable":true,"href":"https:\/\/www.radiopresidenteibanez.cl\/web\/wp-json\/wp\/v2\/users\/2"}],"replies":[{"embeddable":true,"href":"https:\/\/www.radiopresidenteibanez.cl\/web\/wp-json\/wp\/v2\/comments?post=15886"}],"version-history":[{"count":0,"href":"https:\/\/www.radiopresidenteibanez.cl\/web\/wp-json\/wp\/v2\/posts\/15886\/revisions"}],"wp:featuredmedia":[{"embeddable":true,"href":"https:\/\/www.radiopresidenteibanez.cl\/web\/wp-json\/wp\/v2\/media\/14301"}],"wp:attachment":[{"href":"https:\/\/www.radiopresidenteibanez.cl\/web\/wp-json\/wp\/v2\/media?parent=15886"}],"wp:term":[{"taxonomy":"category","embeddable":true,"href":"https:\/\/www.radiopresidenteibanez.cl\/web\/wp-json\/wp\/v2\/categories?post=15886"},{"taxonomy":"post_tag","embeddable":true,"href":"https:\/\/www.radiopresidenteibanez.cl\/web\/wp-json\/wp\/v2\/tags?post=15886"}],"curies":[{"name":"wp","href":"https:\/\/api.w.org\/{rel}","templated":true}]}}