{"id":15882,"date":"2020-11-11T03:15:00","date_gmt":"2020-11-11T03:15:00","guid":{"rendered":"https:\/\/www.radiopresidenteibanez.cl\/web\/?p=15882"},"modified":"2020-11-11T01:20:18","modified_gmt":"2020-11-11T01:20:18","slug":"patricia-carrasco-madre-de-cabo-fallecido-en-accidente-esperamos-que-la-fuerza-aerea-de-chile-entregue-y-transparente-informacion-oficial-para-continuar-con-la-investigacion","status":"publish","type":"post","link":"https:\/\/www.radiopresidenteibanez.cl\/web\/patricia-carrasco-madre-de-cabo-fallecido-en-accidente-esperamos-que-la-fuerza-aerea-de-chile-entregue-y-transparente-informacion-oficial-para-continuar-con-la-investigacion\/","title":{"rendered":"PATRICIA CARRASCO MADRE DE CABO FALLECIDO EN ACCIDENTE \u00abESPERAMOS QUE LA FUERZA A\u00c9REA DE CHILE ENTREGU\u00c9 Y TRANSPARENTE INFORMACI\u00d3N OFICIAL PARA CONTINUAR CON LA INVESTIGACI\u00d3N\u00bb"},"content":{"rendered":"\n<p>Patricia\nCarrasco, Mam\u00e1 de cabo primero de la fuerza a\u00e9rea de chile fallecido en\naccidente de hercules c-130 el pasado 9 de diciembre del 2019 se\u00f1al\u00f3 en\nprogramas opini\u00f3n p\u00fablica de la radio presidente Ib\u00e1\u00f1ez que la instituci\u00f3n la\nfuerza a\u00e9rea de chile no se ha contactado con los familiares para entregar\nrespuestas a las diferentes investigaciones que se han abierto producto de este\nlamentable accidente que cost\u00f3 la vida a 38 pasajeros del avi\u00f3n H\u00e9rcules&nbsp;<\/p>\n\n\n\n<p>La fuerza a\u00e9rea ha\nse\u00f1alado que tiene un equipo profesional psicosocial el cual trabaja con los\nfamiliares de los fallecidos a lo cual Patricia Carrasco mam\u00e1 del Cabo primero\nCristofer Pacheco Carrasco indic\u00f3 en nuestro programa que eso no es verdad dado\nque la instituci\u00f3n ha estado ausente en todo el proceso investigativo<\/p>\n\n\n\n<p>Agreg\u00f3 Patricia Carrasco que A\u00fan existen dudas respecto a lo que ha sido todo el proceso de investigacion porque se ha ocultado informaci\u00f3n de la cual es relevante para avanzar en la investigaci\u00f3n por parte del equipo de abogados representantes de las 38 familias que perdieron a sus hijos a sus padres a sus abuelos a sus hermanos en esta tragedia a\u00e9rea del accidente del hercules c-130 de la fuerza a\u00e9rea de Chile<\/p>\n\n\n\n<p>DMG<\/p>\n","protected":false},"excerpt":{"rendered":"<p>Patricia Carrasco, Mam\u00e1 de cabo primero de la fuerza a\u00e9rea de chile fallecido en accidente de hercules c-130 el pasado 9 de diciembre del 2019 se\u00f1al\u00f3 en programas opini\u00f3n p\u00fablica&#8230; <a class=\"read-more\" href=\"https:\/\/www.radiopresidenteibanez.cl\/web\/patricia-carrasco-madre-de-cabo-fallecido-en-accidente-esperamos-que-la-fuerza-aerea-de-chile-entregue-y-transparente-informacion-oficial-para-continuar-con-la-investigacion\/\">Leer m\u00e1s<\/a><\/p>\n","protected":false},"author":2,"featured_media":15883,"comment_status":"closed","ping_status":"closed","sticky":false,"template":"","format":"standard","meta":{"footnotes":""},"categories":[1],"tags":[],"class_list":["post-15882","post","type-post","status-publish","format-standard","has-post-thumbnail","hentry","category-cronica"],"_links":{"self":[{"href":"https:\/\/www.radiopresidenteibanez.cl\/web\/wp-json\/wp\/v2\/posts\/15882","targetHints":{"allow":["GET"]}}],"collection":[{"href":"https:\/\/www.radiopresidenteibanez.cl\/web\/wp-json\/wp\/v2\/posts"}],"about":[{"href":"https:\/\/www.radiopresidenteibanez.cl\/web\/wp-json\/wp\/v2\/types\/post"}],"author":[{"embeddable":true,"href":"https:\/\/www.radiopresidenteibanez.cl\/web\/wp-json\/wp\/v2\/users\/2"}],"replies":[{"embeddable":true,"href":"https:\/\/www.radiopresidenteibanez.cl\/web\/wp-json\/wp\/v2\/comments?post=15882"}],"version-history":[{"count":0,"href":"https:\/\/www.radiopresidenteibanez.cl\/web\/wp-json\/wp\/v2\/posts\/15882\/revisions"}],"wp:featuredmedia":[{"embeddable":true,"href":"https:\/\/www.radiopresidenteibanez.cl\/web\/wp-json\/wp\/v2\/media\/15883"}],"wp:attachment":[{"href":"https:\/\/www.radiopresidenteibanez.cl\/web\/wp-json\/wp\/v2\/media?parent=15882"}],"wp:term":[{"taxonomy":"category","embeddable":true,"href":"https:\/\/www.radiopresidenteibanez.cl\/web\/wp-json\/wp\/v2\/categories?post=15882"},{"taxonomy":"post_tag","embeddable":true,"href":"https:\/\/www.radiopresidenteibanez.cl\/web\/wp-json\/wp\/v2\/tags?post=15882"}],"curies":[{"name":"wp","href":"https:\/\/api.w.org\/{rel}","templated":true}]}}