{"id":15879,"date":"2020-11-11T03:00:00","date_gmt":"2020-11-11T03:00:00","guid":{"rendered":"https:\/\/www.radiopresidenteibanez.cl\/web\/?p=15879"},"modified":"2020-11-11T01:22:54","modified_gmt":"2020-11-11T01:22:54","slug":"pdi-desarticula-punto-de-microtrafico-de-cannabis-sativa-en-puerto-natales","status":"publish","type":"post","link":"https:\/\/www.radiopresidenteibanez.cl\/web\/pdi-desarticula-punto-de-microtrafico-de-cannabis-sativa-en-puerto-natales\/","title":{"rendered":"PDI DESARTICULA PUNTO DE MICROTR\u00c1FICO DE CANNABIS SATIVA EN PUERTO NATALES"},"content":{"rendered":"\n<p>Un procedimiento policial efectuado por la agrupaci\u00f3n \u201cMT0\u201d\nde la Brigada Antinarc\u00f3ticos y Contra el Crimen Organizado, de la Polic\u00eda de\nInvestigaciones de Chile, permiti\u00f3 erradicar un punto de comercializaci\u00f3n de cannabis\nsativa en Puerto Natales. <\/p>\n\n\n\n<p>La tarde de este martes, y tras dar cumplimiento a una\norden de entrada y registro en una vivienda ubicada en la capital de la\nprovincia de \u00daltima Esperanza, los detectives hallaron droga, por lo que\nprocedieron a la detenci\u00f3n de un sujeto de 26 a\u00f1os por infracci\u00f3n al art\u00edculo\n4\u00ba de la Ley 20.000, quien estaba siendo investigado por la PDI y la Fiscal\u00eda\nLocal de Puerto Natales. <\/p>\n\n\n\n<p>Tras la revisi\u00f3n del inmueble, fueron incautadas 101\ndosis de cannabis sativa de un peso total de 162,2 gramos, droga que de haber\nsido comercializada en la zona hubiera generado ganancias il\u00edcitas de m\u00e1s de un\nmill\u00f3n y medio de pesos. <\/p>\n\n\n\n<p>El subcomisario V\u00edctor Garrido, de la Brigada\nAntinarc\u00f3ticos Punta Arenas, se\u00f1al\u00f3 que \u201cadem\u00e1s se incaut\u00f3 dinero en efectivo, -que\nse presume ser\u00eda producto de las ventas de la sustancia il\u00edcita-, balanzas\ndigitales y otros elementos asociados a la comisi\u00f3n de este il\u00edcito\u201d. <\/p>\n\n\n\n<p>Durante este mi\u00e9rcoles, el imputado de nacionalidad\nchilena e iniciales N.C.A.M. ser\u00e1 puesto a disposici\u00f3n del Juzgado de Garant\u00eda\nde Puerto Natales para enfrentar la respectiva audiencia de control de\ndetenci\u00f3n. <\/p>\n","protected":false},"excerpt":{"rendered":"<p>Un procedimiento policial efectuado por la agrupaci\u00f3n \u201cMT0\u201d de la Brigada Antinarc\u00f3ticos y Contra el Crimen Organizado, de la Polic\u00eda de Investigaciones de Chile, permiti\u00f3 erradicar un punto de comercializaci\u00f3n&#8230; <a class=\"read-more\" href=\"https:\/\/www.radiopresidenteibanez.cl\/web\/pdi-desarticula-punto-de-microtrafico-de-cannabis-sativa-en-puerto-natales\/\">Leer m\u00e1s<\/a><\/p>\n","protected":false},"author":2,"featured_media":15880,"comment_status":"closed","ping_status":"closed","sticky":false,"template":"","format":"standard","meta":{"footnotes":""},"categories":[1],"tags":[],"class_list":["post-15879","post","type-post","status-publish","format-standard","has-post-thumbnail","hentry","category-cronica"],"_links":{"self":[{"href":"https:\/\/www.radiopresidenteibanez.cl\/web\/wp-json\/wp\/v2\/posts\/15879","targetHints":{"allow":["GET"]}}],"collection":[{"href":"https:\/\/www.radiopresidenteibanez.cl\/web\/wp-json\/wp\/v2\/posts"}],"about":[{"href":"https:\/\/www.radiopresidenteibanez.cl\/web\/wp-json\/wp\/v2\/types\/post"}],"author":[{"embeddable":true,"href":"https:\/\/www.radiopresidenteibanez.cl\/web\/wp-json\/wp\/v2\/users\/2"}],"replies":[{"embeddable":true,"href":"https:\/\/www.radiopresidenteibanez.cl\/web\/wp-json\/wp\/v2\/comments?post=15879"}],"version-history":[{"count":0,"href":"https:\/\/www.radiopresidenteibanez.cl\/web\/wp-json\/wp\/v2\/posts\/15879\/revisions"}],"wp:featuredmedia":[{"embeddable":true,"href":"https:\/\/www.radiopresidenteibanez.cl\/web\/wp-json\/wp\/v2\/media\/15880"}],"wp:attachment":[{"href":"https:\/\/www.radiopresidenteibanez.cl\/web\/wp-json\/wp\/v2\/media?parent=15879"}],"wp:term":[{"taxonomy":"category","embeddable":true,"href":"https:\/\/www.radiopresidenteibanez.cl\/web\/wp-json\/wp\/v2\/categories?post=15879"},{"taxonomy":"post_tag","embeddable":true,"href":"https:\/\/www.radiopresidenteibanez.cl\/web\/wp-json\/wp\/v2\/tags?post=15879"}],"curies":[{"name":"wp","href":"https:\/\/api.w.org\/{rel}","templated":true}]}}