{"id":15876,"date":"2020-11-10T23:01:44","date_gmt":"2020-11-10T23:01:44","guid":{"rendered":"https:\/\/www.radiopresidenteibanez.cl\/web\/?p=15876"},"modified":"2020-11-10T23:01:49","modified_gmt":"2020-11-10T23:01:49","slug":"dirigentes-sociales-participaron-en-capacitacion-de-sobreendeudamiento-de-la-superintendencia-de-insolvencia-y-reemprendimiento","status":"publish","type":"post","link":"https:\/\/www.radiopresidenteibanez.cl\/web\/dirigentes-sociales-participaron-en-capacitacion-de-sobreendeudamiento-de-la-superintendencia-de-insolvencia-y-reemprendimiento\/","title":{"rendered":"DIRIGENTES SOCIALES PARTICIPARON EN CAPACITACI\u00d3N DE SOBREENDEUDAMIENTO DE LA SUPERINTENDENCIA DE INSOLVENCIA Y REEMPRENDIMIENTO"},"content":{"rendered":"\n<p>C\u00f3mo enfrentar el sobreendeudamiento, considerando la actual situaci\u00f3n de crisis sanitaria, social, econ\u00f3mica y laboral producto del Covid_19, fue el objetivo de la capacitaci\u00f3n que dicto la coordinadora regional de la Superintendencia de Insolvencia y Reemprendimiento (SUPERIR), Claudia T\u00e9llez a dirigentes sociales de Punta Arenas y Puerto Natales.<\/p>\n\n\n\n<p>La actividad organizada en conjunto con la Divisi\u00f3n de Organizaciones Sociales (DOS) dependiente del ministerio Secretar\u00eda General de Gobierno, busc\u00f3 que los dirigentes sociales pudieran acceder a esta informaci\u00f3n sobre las herramientas legales que existen tanto para las empresas como para las personas naturales para hacer frente al sobreendeudamiento.<\/p>\n\n\n\n<p>En ese sentido, la coordinadora regional de la SUPERIR, Claudia T\u00e9llez, explic\u00f3 que \u201ccon estas capacitaciones pretendemos poder acercar a quienes hoy est\u00e9n atravesando una dif\u00edcil situaci\u00f3n econ\u00f3mica a los procedimientos que tanto la ley de Insolvencia como la ley Pyme otorgan, y que adem\u00e1s, las personas puedan acercarse a nuestra superintendencia para hacer uso de ellos, y de esa manera darles un respiro con sus deudas, sobre todo hoy, que sabemos que la crisis sanitaria ha generado situaciones muy complicadas para los magall\u00e1nicos\u201d.<\/p>\n\n\n\n<p>Al respecto la seremi de Gobierno, Alejandra Mu\u00f1oz, quien tambi\u00e9n particip\u00f3 en esta actividad se\u00f1al\u00f3 que \u201ctoda instancia de capacitaci\u00f3n es bienvenida, ya que permite que nuestros dirigentes cuenten con esta informaci\u00f3n, que les va ayudar a tomar mejores decisiones financieras con la asesor\u00eda correspondiente. Esperamos poder seguir generando estos espacios, para apoyar a la sociedad civil con diferentes tem\u00e1ticas de su inter\u00e9s, sobre todo, en la actual situaci\u00f3n que se encuentra Magallanes\u201d.<\/p>\n","protected":false},"excerpt":{"rendered":"<p>C\u00f3mo enfrentar el sobreendeudamiento, considerando la actual situaci\u00f3n de crisis sanitaria, social, econ\u00f3mica y laboral producto del Covid_19, fue el objetivo de la capacitaci\u00f3n que dicto la coordinadora regional de&#8230; <a class=\"read-more\" href=\"https:\/\/www.radiopresidenteibanez.cl\/web\/dirigentes-sociales-participaron-en-capacitacion-de-sobreendeudamiento-de-la-superintendencia-de-insolvencia-y-reemprendimiento\/\">Leer m\u00e1s<\/a><\/p>\n","protected":false},"author":2,"featured_media":15877,"comment_status":"closed","ping_status":"closed","sticky":false,"template":"","format":"standard","meta":{"footnotes":""},"categories":[1],"tags":[],"class_list":["post-15876","post","type-post","status-publish","format-standard","has-post-thumbnail","hentry","category-cronica"],"_links":{"self":[{"href":"https:\/\/www.radiopresidenteibanez.cl\/web\/wp-json\/wp\/v2\/posts\/15876","targetHints":{"allow":["GET"]}}],"collection":[{"href":"https:\/\/www.radiopresidenteibanez.cl\/web\/wp-json\/wp\/v2\/posts"}],"about":[{"href":"https:\/\/www.radiopresidenteibanez.cl\/web\/wp-json\/wp\/v2\/types\/post"}],"author":[{"embeddable":true,"href":"https:\/\/www.radiopresidenteibanez.cl\/web\/wp-json\/wp\/v2\/users\/2"}],"replies":[{"embeddable":true,"href":"https:\/\/www.radiopresidenteibanez.cl\/web\/wp-json\/wp\/v2\/comments?post=15876"}],"version-history":[{"count":0,"href":"https:\/\/www.radiopresidenteibanez.cl\/web\/wp-json\/wp\/v2\/posts\/15876\/revisions"}],"wp:featuredmedia":[{"embeddable":true,"href":"https:\/\/www.radiopresidenteibanez.cl\/web\/wp-json\/wp\/v2\/media\/15877"}],"wp:attachment":[{"href":"https:\/\/www.radiopresidenteibanez.cl\/web\/wp-json\/wp\/v2\/media?parent=15876"}],"wp:term":[{"taxonomy":"category","embeddable":true,"href":"https:\/\/www.radiopresidenteibanez.cl\/web\/wp-json\/wp\/v2\/categories?post=15876"},{"taxonomy":"post_tag","embeddable":true,"href":"https:\/\/www.radiopresidenteibanez.cl\/web\/wp-json\/wp\/v2\/tags?post=15876"}],"curies":[{"name":"wp","href":"https:\/\/api.w.org\/{rel}","templated":true}]}}