{"id":15872,"date":"2020-11-10T12:38:34","date_gmt":"2020-11-10T12:38:34","guid":{"rendered":"https:\/\/www.radiopresidenteibanez.cl\/web\/?p=15872"},"modified":"2020-11-10T12:38:41","modified_gmt":"2020-11-10T12:38:41","slug":"150-taxis-y-colectivos-fueron-sanitizados-por-la-municipalidad","status":"publish","type":"post","link":"https:\/\/www.radiopresidenteibanez.cl\/web\/150-taxis-y-colectivos-fueron-sanitizados-por-la-municipalidad\/","title":{"rendered":"150 TAXIS Y COLECTIVOS FUERON SANITIZADOS POR LA MUNICIPALIDAD"},"content":{"rendered":"\n<p>Durante 4 d\u00edas y por medio del \u00faltimo d\u00edgito de la patente, la Municipalidad de Punta Arenas, realiz\u00f3 un in\u00e9dito operativo de sanitizaci\u00f3n para Taxis y Colectivos de la comuna, el cual era totalmente gratis y sin distinci\u00f3n.<\/p>\n\n\n\n<p>En total, 150 fueron los veh\u00edculos que llegaron hasta el Parque Mar\u00eda Behety, los que en s\u00f3lo&nbsp; 5 minutos lograron su objetivo, algo que fue valorado por los transportistas locales.<\/p>\n\n\n\n<p>El alcalde Claudio Radonich, explic\u00f3 que \u201cbuscamos complementar lo que ya hemos hecho con los espacios p\u00fablicos de edificios sociales, que por sexta vez ser\u00e1n sanitizados, y adem\u00e1s continuar el trabajo realizado con bomberos en las calles de Punta Arenas, sumando a ello, la B\u00fasqueda Activa de Casos Positivos y&nbsp; testeos que realizamos en los barrios de la comuna\u201d.<\/p>\n\n\n\n<p>\u201cHoy vemos como 150 taxis y colectivos de nuestra ciudad fueron sanitizados por parte de la Municipalidad en este primer operativo que hacemos para el transporte p\u00fablico menor de Punta Arenas\u201d, agreg\u00f3 la autoridad comunal.<\/p>\n\n\n\n<p>Finalmente, adelant\u00f3 que \u201cya estamos preparando el segundo operativo que comenzar\u00e1 el d\u00eda 19 de noviembre en el mismo Parque Mar\u00eda Behety desde las 9:30 de la ma\u00f1ana, y esperamos que m\u00e1s taxis y colectivos puedan ir para ser parte de este servicio que estamos realizando de manera gratuita\u201d.<\/p>\n","protected":false},"excerpt":{"rendered":"<p>Durante 4 d\u00edas y por medio del \u00faltimo d\u00edgito de la patente, la Municipalidad de Punta Arenas, realiz\u00f3 un in\u00e9dito operativo de sanitizaci\u00f3n para Taxis y Colectivos de la comuna,&#8230; <a class=\"read-more\" href=\"https:\/\/www.radiopresidenteibanez.cl\/web\/150-taxis-y-colectivos-fueron-sanitizados-por-la-municipalidad\/\">Leer m\u00e1s<\/a><\/p>\n","protected":false},"author":2,"featured_media":15873,"comment_status":"closed","ping_status":"closed","sticky":false,"template":"","format":"standard","meta":{"footnotes":""},"categories":[1],"tags":[],"class_list":["post-15872","post","type-post","status-publish","format-standard","has-post-thumbnail","hentry","category-cronica"],"_links":{"self":[{"href":"https:\/\/www.radiopresidenteibanez.cl\/web\/wp-json\/wp\/v2\/posts\/15872","targetHints":{"allow":["GET"]}}],"collection":[{"href":"https:\/\/www.radiopresidenteibanez.cl\/web\/wp-json\/wp\/v2\/posts"}],"about":[{"href":"https:\/\/www.radiopresidenteibanez.cl\/web\/wp-json\/wp\/v2\/types\/post"}],"author":[{"embeddable":true,"href":"https:\/\/www.radiopresidenteibanez.cl\/web\/wp-json\/wp\/v2\/users\/2"}],"replies":[{"embeddable":true,"href":"https:\/\/www.radiopresidenteibanez.cl\/web\/wp-json\/wp\/v2\/comments?post=15872"}],"version-history":[{"count":0,"href":"https:\/\/www.radiopresidenteibanez.cl\/web\/wp-json\/wp\/v2\/posts\/15872\/revisions"}],"wp:featuredmedia":[{"embeddable":true,"href":"https:\/\/www.radiopresidenteibanez.cl\/web\/wp-json\/wp\/v2\/media\/15873"}],"wp:attachment":[{"href":"https:\/\/www.radiopresidenteibanez.cl\/web\/wp-json\/wp\/v2\/media?parent=15872"}],"wp:term":[{"taxonomy":"category","embeddable":true,"href":"https:\/\/www.radiopresidenteibanez.cl\/web\/wp-json\/wp\/v2\/categories?post=15872"},{"taxonomy":"post_tag","embeddable":true,"href":"https:\/\/www.radiopresidenteibanez.cl\/web\/wp-json\/wp\/v2\/tags?post=15872"}],"curies":[{"name":"wp","href":"https:\/\/api.w.org\/{rel}","templated":true}]}}