{"id":15870,"date":"2020-11-10T12:24:38","date_gmt":"2020-11-10T12:24:38","guid":{"rendered":"https:\/\/www.radiopresidenteibanez.cl\/web\/?p=15870"},"modified":"2020-11-10T12:24:43","modified_gmt":"2020-11-10T12:24:43","slug":"diputada-amar-anuncia-su-voto-favorable-para-el-proyecto-de-segundo-retiro-del-10-de-los-fondos-previsionales","status":"publish","type":"post","link":"https:\/\/www.radiopresidenteibanez.cl\/web\/diputada-amar-anuncia-su-voto-favorable-para-el-proyecto-de-segundo-retiro-del-10-de-los-fondos-previsionales\/","title":{"rendered":"DIPUTADA AMAR ANUNCIA SU VOTO FAVORABLE PARA EL PROYECTO DE SEGUNDO RETIRO DEL 10% DE LOS FONDOS PREVISIONALES"},"content":{"rendered":"\n<p>La\ndiputada Sandra Amar, anunci\u00f3 que en el marco de la discusi\u00f3n en la C\u00e1mara Baja\ndel segundo retiro del 10% de los fondos previsionales \u201cvotar\u00e9 a favor porque a\nmi juicio la situaci\u00f3n econ\u00f3mica del pa\u00eds no ha variado en nada en los \u00faltimos\nmeses y se mantiene complicada\u201d.<\/p>\n\n\n\n<p>Para\nAmar \u201ces lamentable tener que recurrir a los fondos previsionales porque\nafectar\u00e1 en el futuro las pensiones de millones de chilenos. Pero hay que ser\nobjetivos en el sentido de que la gente lo est\u00e1 pasando mal en la regi\u00f3n donde\nmuchos sectores como el gastron\u00f3mico, el turismo o los trabajadores\nindependientes, han visto mermados sus ingresos debido a la extensa cuarentena\nque estamos viviendo desde agosto a la fecha\u201d.<\/p>\n\n\n\n<p>\u201cAdem\u00e1s\n\u2013 precis\u00f3 la legisladora \u2013 la situaci\u00f3n econ\u00f3mica de Chile no ha variado en\nnada en los \u00faltimos meses despu\u00e9s del retiro anterior y se mantiene complicada,\nsumado a la mala racha que se viene arrastrando desde el estallido social el\na\u00f1o pasado. En nuestra regi\u00f3n hay sectores que se est\u00e1n viendo sumamente\nafectados por la pandemia como es el caso de la gastronom\u00eda y el turismo que no\ntendr\u00e1n ingresos esta temporada alta\u201d.<\/p>\n\n\n\n<p>\u201cEste\na\u00f1o 2020 que ha sido muy malo para nuestra gente porque insisto, no ha cambiado\nmucho el panorama de lo que era el mes de marzo a lo que estamos viviendo ahora\nen noviembre y quiz\u00e1s en diciembre e incluso proyectando los primeros meses del\na\u00f1o 2021\u201d, indic\u00f3 la diputada Sandra Amar.<\/p>\n","protected":false},"excerpt":{"rendered":"<p>La diputada Sandra Amar, anunci\u00f3 que en el marco de la discusi\u00f3n en la C\u00e1mara Baja del segundo retiro del 10% de los fondos previsionales \u201cvotar\u00e9 a favor porque a&#8230; <a class=\"read-more\" href=\"https:\/\/www.radiopresidenteibanez.cl\/web\/diputada-amar-anuncia-su-voto-favorable-para-el-proyecto-de-segundo-retiro-del-10-de-los-fondos-previsionales\/\">Leer m\u00e1s<\/a><\/p>\n","protected":false},"author":2,"featured_media":12256,"comment_status":"closed","ping_status":"closed","sticky":false,"template":"","format":"standard","meta":{"footnotes":""},"categories":[1],"tags":[],"class_list":["post-15870","post","type-post","status-publish","format-standard","has-post-thumbnail","hentry","category-cronica"],"_links":{"self":[{"href":"https:\/\/www.radiopresidenteibanez.cl\/web\/wp-json\/wp\/v2\/posts\/15870","targetHints":{"allow":["GET"]}}],"collection":[{"href":"https:\/\/www.radiopresidenteibanez.cl\/web\/wp-json\/wp\/v2\/posts"}],"about":[{"href":"https:\/\/www.radiopresidenteibanez.cl\/web\/wp-json\/wp\/v2\/types\/post"}],"author":[{"embeddable":true,"href":"https:\/\/www.radiopresidenteibanez.cl\/web\/wp-json\/wp\/v2\/users\/2"}],"replies":[{"embeddable":true,"href":"https:\/\/www.radiopresidenteibanez.cl\/web\/wp-json\/wp\/v2\/comments?post=15870"}],"version-history":[{"count":0,"href":"https:\/\/www.radiopresidenteibanez.cl\/web\/wp-json\/wp\/v2\/posts\/15870\/revisions"}],"wp:featuredmedia":[{"embeddable":true,"href":"https:\/\/www.radiopresidenteibanez.cl\/web\/wp-json\/wp\/v2\/media\/12256"}],"wp:attachment":[{"href":"https:\/\/www.radiopresidenteibanez.cl\/web\/wp-json\/wp\/v2\/media?parent=15870"}],"wp:term":[{"taxonomy":"category","embeddable":true,"href":"https:\/\/www.radiopresidenteibanez.cl\/web\/wp-json\/wp\/v2\/categories?post=15870"},{"taxonomy":"post_tag","embeddable":true,"href":"https:\/\/www.radiopresidenteibanez.cl\/web\/wp-json\/wp\/v2\/tags?post=15870"}],"curies":[{"name":"wp","href":"https:\/\/api.w.org\/{rel}","templated":true}]}}