{"id":15867,"date":"2020-11-10T12:14:20","date_gmt":"2020-11-10T12:14:20","guid":{"rendered":"https:\/\/www.radiopresidenteibanez.cl\/web\/?p=15867"},"modified":"2020-11-10T12:14:26","modified_gmt":"2020-11-10T12:14:26","slug":"se-realizo-segunda-sesion-de-mesa-covid-social","status":"publish","type":"post","link":"https:\/\/www.radiopresidenteibanez.cl\/web\/se-realizo-segunda-sesion-de-mesa-covid-social\/","title":{"rendered":"SE REALIZ\u00d3 SEGUNDA SESI\u00d3N DE MESA COVID SOCIAL"},"content":{"rendered":"\n<p>Tal como\nqued\u00f3 estipulado en la primera reuni\u00f3n, la semana pasada se realiz\u00f3 la segunda\nsesi\u00f3n de la Mesa Covid Social. Esta Mesa es parte de una trilog\u00eda de mesas,\nque junto a la de Salud y Trabajo, fueron solicitadas de llevarse a cabo por la\nIntendenta Jennifer Rojas, para levantar nudos cr\u00edticos de la poblaci\u00f3n y\ndarles soluci\u00f3n.<\/p>\n\n\n\n<p>En el marco\nde la pandemia, muchas son las acciones que se han realizado para tratar de\npaliar en parte los da\u00f1os que esta situaci\u00f3n cr\u00edtica, para el pa\u00eds y el mundo,\nha causado en temas que afectan directamente a las personas, estos son salud,\ntrabajo y el aspecto social. Para contribuir a ello se crearon estas mesas, en\nlas cuales se est\u00e1 trabajando sobre las inquietudes y las propuestas,\nexpuestas, en forma coordinada, impulsando y gestionando acciones eficaces que\npermitan acortar las brechas producidas a ra\u00edz de esta crisis sanitaria, que ha\ntra\u00eddo consecuencias lamentables tambi\u00e9n en lo social.<\/p>\n\n\n\n<p>En la segunda\nMesa Covid Social, se trataron temas como tomar medidas restrictivas en el\ntransporte colectivo, fiscalizaci\u00f3n a fiestas que se est\u00e1n realizando, observar\nlos retrasos en el pago de licencias m\u00e9dicas, trabajar en las reaperturas de\nestablecimientos. Se convers\u00f3 acerca de la delicada situaci\u00f3n emocional que\nest\u00e1 sufriendo la gente&nbsp; a ra\u00edz del\nconfinamiento. Tambi\u00e9n de la necesidad de trabajo de la micro, peque\u00f1a y\nmediana empresa y promover acciones para apoyarlas. Revisi\u00f3n del pago de\nimpuestos que tienen que realizar y la necesidad de reactivar la econom\u00eda y regreso\nal trabajo. Generar y coordinar con los municipios las ayudas que se entregan,\nfinanciamiento en alimentos, en arriendo, entre otros. Fiscalizaci\u00f3n de seguridad\nlaboral en los establecimientos comerciales, o pesqueras que est\u00e1n en\nfuncionamiento. Realizaci\u00f3n de testeo masivo a la poblaci\u00f3n.<\/p>\n\n\n\n<p>Se reconoci\u00f3\npositivamente, como una buena estrategia, el equipo de testeo y las cuadrillas\neducativas que est\u00e1n saliendo a terreno, acci\u00f3n que se solicit\u00f3 en la primera\nreuni\u00f3n, para generar y&nbsp; promover la\neducaci\u00f3n comunitaria. <\/p>\n\n\n\n<p>Al respecto\nel gobernador explic\u00f3 que \u201cEs importante continuar viendo las necesidades m\u00e1s\nurgentes, las inquietudes que tienen las personas y que se pueden observar en\nla provincia de Magallanes, levantarlas de tal manera que la primera autoridad\npueda tomar las mejores decisiones, cuyo objetivo signifique mejorar el bienestar\nde todos los ciudadanos de la provincia. En la primera sesi\u00f3n, participantes de\ndicha mesa, elevaron una carta a la primera autoridad, quien ofreci\u00f3 una\nrespuesta completa y oportuna. Dicha respuesta fue detallada, contestando con\nprecisi\u00f3n a todas las consultas e inquietudes&nbsp;\nplanteadas por la ciudadan\u00eda, fundamentando las reales posibilidades de\nlas peticiones, comprometi\u00e9ndose a seguir trabajando en buscar soluciones\u201d.&nbsp; <\/p>\n\n\n\n<p>En ese\nsentido la Seremi de Gobierno, Alejandra Mu\u00f1oz, manifest\u00f3 que \u201cla Intendenta ha\ntenido la voluntad de poder gestionar medidas especiales para nuestra regi\u00f3n,\nque han sido aceptadas y que tambi\u00e9n han permitido la baja de los contagios\neste \u00faltimo tiempo. En el mes que ella lleva de su gesti\u00f3n hemos tenido buenos\nresultados, justamente por las medidas que no existen en el resto del pa\u00eds\n(exceptuando Ays\u00e9n), donde se nos exige un PCR para poder entrar y transitar\nentre provincias y la cuarentena obligatoria para los residentes. Esas medidas\nson exclusivas de nuestra regi\u00f3n y han tenido buenos resultados, esperemos que\ntambi\u00e9n as\u00ed sea con las necesidades que se ven en esta mesa y que son\nplanteadas a la autoridad\u201d.<\/p>\n\n\n\n<p>El escenario\nque a ra\u00edz de la pandemia se ha generado, es complejo existe preocupaci\u00f3n por\nlos efectos econ\u00f3micos que se han derivado producto de la pandemia. Por eso la\nimportancia de estas mesas y la labor coordinada que en ellas se realiza. Con\nrespecto a la reapertura de peque\u00f1a y mediana empresa, versus el tema\nsanitario, las autoridades expresaron estar conscientes de la necesidad de\ngenerar trabajo, para apoyar la econom\u00eda, pero primero se debe pensar en el derecho a la salud y la vida de las personas. <\/p>\n\n\n\n<p>Al respecto, el seremi de Salud (s), Eduardo Castillo, indic\u00f3 que \u201cNosotros\nentendemos la situaci\u00f3n porque no vivimos alejados de la realidad, de las\npersonas que est\u00e1n cesantes, que han perdido su trabajo. Pero esta pandemia\ntiene un solo problema y es el nivel de letalidad, no es el nivel de contagio,\nla gente muere por esto. Vecinos nuestros. Esa es la consecuencia y dificultad\nque tenemos con la pandemia, plantearnos la reapertura econ\u00f3mica versus las\npersonas que fallecen\u201d.<\/p>\n\n\n\n<p>Participaron\nen esta oportunidad, la Seremi de Gobierno Alejandra Mu\u00f1oz, quien ofici\u00f3 de\nmoderadora, la Seremi de Desarrollo Social y Familia, Liz Casanueva, el Seremi\nde Salud, Eduardo Castillo, el Seremi de Transportes, Marco Mella, la Seremi de\nCulturas, Katherine Ibacache, el Director de Sename, Mario Miranda, Rosa\nHern\u00e1ndez de la Uni\u00f3n Comunal de Adultos Mayores, el Presidente del Colegio de\nAsistentes Sociales, Rodolfo C\u00e1rdenas, Jorge Vera, Pdte, Junta de Vecinos N\u00b08,\nRam\u00f3n Vargas de Fuerza Pyme, Cristina Mancilla, Club de Adultos Mayores y\nManuel Mu\u00f1oz, Junta de Vecinos Manuel Fagnano, funcionarios \u00e1rea social de\ngobernaci\u00f3n.<\/p>\n","protected":false},"excerpt":{"rendered":"<p>Tal como qued\u00f3 estipulado en la primera reuni\u00f3n, la semana pasada se realiz\u00f3 la segunda sesi\u00f3n de la Mesa Covid Social. Esta Mesa es parte de una trilog\u00eda de mesas,&#8230; <a class=\"read-more\" href=\"https:\/\/www.radiopresidenteibanez.cl\/web\/se-realizo-segunda-sesion-de-mesa-covid-social\/\">Leer m\u00e1s<\/a><\/p>\n","protected":false},"author":2,"featured_media":15868,"comment_status":"closed","ping_status":"closed","sticky":false,"template":"","format":"standard","meta":{"footnotes":""},"categories":[1],"tags":[],"class_list":["post-15867","post","type-post","status-publish","format-standard","has-post-thumbnail","hentry","category-cronica"],"_links":{"self":[{"href":"https:\/\/www.radiopresidenteibanez.cl\/web\/wp-json\/wp\/v2\/posts\/15867","targetHints":{"allow":["GET"]}}],"collection":[{"href":"https:\/\/www.radiopresidenteibanez.cl\/web\/wp-json\/wp\/v2\/posts"}],"about":[{"href":"https:\/\/www.radiopresidenteibanez.cl\/web\/wp-json\/wp\/v2\/types\/post"}],"author":[{"embeddable":true,"href":"https:\/\/www.radiopresidenteibanez.cl\/web\/wp-json\/wp\/v2\/users\/2"}],"replies":[{"embeddable":true,"href":"https:\/\/www.radiopresidenteibanez.cl\/web\/wp-json\/wp\/v2\/comments?post=15867"}],"version-history":[{"count":0,"href":"https:\/\/www.radiopresidenteibanez.cl\/web\/wp-json\/wp\/v2\/posts\/15867\/revisions"}],"wp:featuredmedia":[{"embeddable":true,"href":"https:\/\/www.radiopresidenteibanez.cl\/web\/wp-json\/wp\/v2\/media\/15868"}],"wp:attachment":[{"href":"https:\/\/www.radiopresidenteibanez.cl\/web\/wp-json\/wp\/v2\/media?parent=15867"}],"wp:term":[{"taxonomy":"category","embeddable":true,"href":"https:\/\/www.radiopresidenteibanez.cl\/web\/wp-json\/wp\/v2\/categories?post=15867"},{"taxonomy":"post_tag","embeddable":true,"href":"https:\/\/www.radiopresidenteibanez.cl\/web\/wp-json\/wp\/v2\/tags?post=15867"}],"curies":[{"name":"wp","href":"https:\/\/api.w.org\/{rel}","templated":true}]}}