{"id":15863,"date":"2020-11-10T12:05:16","date_gmt":"2020-11-10T12:05:16","guid":{"rendered":"https:\/\/www.radiopresidenteibanez.cl\/web\/?p=15863"},"modified":"2020-11-10T12:05:21","modified_gmt":"2020-11-10T12:05:21","slug":"sujeto-fue-condenado-a-2-anos-de-presidio-remitido-por-lesionar-gravemente-a-transeunte","status":"publish","type":"post","link":"https:\/\/www.radiopresidenteibanez.cl\/web\/sujeto-fue-condenado-a-2-anos-de-presidio-remitido-por-lesionar-gravemente-a-transeunte\/","title":{"rendered":"SUJETO FUE CONDENADO A 2 A\u00d1OS DE PRESIDIO REMITIDO POR LESIONAR GRAVEMENTE A TRANSE\u00daNTE"},"content":{"rendered":"\n<p>A la\npena de 2 a\u00f1os de presidio remitido fue condenado&nbsp;\nhoy, Jos\u00e9 Roberto Guti\u00e9rrez Navarro, como &nbsp;autor&nbsp;\ndel delito de lesiones graves. <\/p>\n\n\n\n<p>Cabe recordar que durante la audiencia, efectuada la semana pasada, el Fiscal\nSebasti\u00e1n Gonz\u00e1lez, acredit\u00f3 el hecho perpetrado el d\u00eda 20 de octubre de 2018, alrededor de&nbsp; las 17:00 horas aproximadamente, cuando la\nv\u00edctima caminaba por el sector de avenida Costanera del Estrecho deteni\u00e9ndose\nal llegar a la intersecci\u00f3n con calle Quillota, lugar donde fue increpado por\nel acusado debido a la presunta desaparici\u00f3n de unas herramientas,\nmanifest\u00e1ndole la victima que se hab\u00eda confundido de persona, desconociendo los\nmotivos de su enojo, para luego continuar su andar, siendo seguido por\nGuti\u00e9rrez Navarro, quien lo intercept\u00f3, esta vez en forma m\u00e1s agresiva,\ngolpe\u00e1ndolo, con un zapato de seguridad, gravemente en el est\u00f3mago y en la\nmand\u00edbula, para luego huir del lugar en direcci\u00f3n desconocida.<\/p>\n","protected":false},"excerpt":{"rendered":"<p>A la pena de 2 a\u00f1os de presidio remitido fue condenado&nbsp; hoy, Jos\u00e9 Roberto Guti\u00e9rrez Navarro, como &nbsp;autor&nbsp; del delito de lesiones graves. Cabe recordar que durante la audiencia, efectuada&#8230; <a class=\"read-more\" href=\"https:\/\/www.radiopresidenteibanez.cl\/web\/sujeto-fue-condenado-a-2-anos-de-presidio-remitido-por-lesionar-gravemente-a-transeunte\/\">Leer m\u00e1s<\/a><\/p>\n","protected":false},"author":2,"featured_media":740,"comment_status":"closed","ping_status":"closed","sticky":false,"template":"","format":"standard","meta":{"footnotes":""},"categories":[1],"tags":[],"class_list":["post-15863","post","type-post","status-publish","format-standard","has-post-thumbnail","hentry","category-cronica"],"_links":{"self":[{"href":"https:\/\/www.radiopresidenteibanez.cl\/web\/wp-json\/wp\/v2\/posts\/15863","targetHints":{"allow":["GET"]}}],"collection":[{"href":"https:\/\/www.radiopresidenteibanez.cl\/web\/wp-json\/wp\/v2\/posts"}],"about":[{"href":"https:\/\/www.radiopresidenteibanez.cl\/web\/wp-json\/wp\/v2\/types\/post"}],"author":[{"embeddable":true,"href":"https:\/\/www.radiopresidenteibanez.cl\/web\/wp-json\/wp\/v2\/users\/2"}],"replies":[{"embeddable":true,"href":"https:\/\/www.radiopresidenteibanez.cl\/web\/wp-json\/wp\/v2\/comments?post=15863"}],"version-history":[{"count":0,"href":"https:\/\/www.radiopresidenteibanez.cl\/web\/wp-json\/wp\/v2\/posts\/15863\/revisions"}],"wp:featuredmedia":[{"embeddable":true,"href":"https:\/\/www.radiopresidenteibanez.cl\/web\/wp-json\/wp\/v2\/media\/740"}],"wp:attachment":[{"href":"https:\/\/www.radiopresidenteibanez.cl\/web\/wp-json\/wp\/v2\/media?parent=15863"}],"wp:term":[{"taxonomy":"category","embeddable":true,"href":"https:\/\/www.radiopresidenteibanez.cl\/web\/wp-json\/wp\/v2\/categories?post=15863"},{"taxonomy":"post_tag","embeddable":true,"href":"https:\/\/www.radiopresidenteibanez.cl\/web\/wp-json\/wp\/v2\/tags?post=15863"}],"curies":[{"name":"wp","href":"https:\/\/api.w.org\/{rel}","templated":true}]}}