{"id":15860,"date":"2020-11-10T12:01:53","date_gmt":"2020-11-10T12:01:53","guid":{"rendered":"https:\/\/www.radiopresidenteibanez.cl\/web\/?p=15860"},"modified":"2020-11-10T12:01:59","modified_gmt":"2020-11-10T12:01:59","slug":"asociacion-de-guias-de-turismo-de-magallanes-daran-inicio-a-un-ciclo-de-foros-abiertos-sobre-hitos-historicos-controversiales-para-la-region","status":"publish","type":"post","link":"https:\/\/www.radiopresidenteibanez.cl\/web\/asociacion-de-guias-de-turismo-de-magallanes-daran-inicio-a-un-ciclo-de-foros-abiertos-sobre-hitos-historicos-controversiales-para-la-region\/","title":{"rendered":"ASOCIACI\u00d3N DE GU\u00cdAS DE TURISMO DE MAGALLANES DAR\u00c1N INICIO A UN CICLO DE FOROS ABIERTOS SOBRE HITOS HIST\u00d3RICOS CONTROVERSIALES PARA LA REGI\u00d3N"},"content":{"rendered":"\n<p>\n\nEl martes 10 de noviembre a las 20 horas, se dar\u00e1 inicio a un ciclo virtual de foros abiertos a la comunidad, donde se abordar\u00e1n algunos de los principales hitos de la historia de la Regi\u00f3n de Magallanes y la Ant\u00e1rtica Chilena. La iniciativa organizada por la Asociaci\u00f3n de Gu\u00edas de Turismo de Magallanes y que cuenta con la colaboraci\u00f3n del Espacio Comunitario La Idea y la oficina parlamentaria del diputado Gabriel Boric, busca abrir un espacio de discusi\u00f3n participativa y enriquecedora, que aporte a generar una visi\u00f3n objetiva sobre ciertos episodios controversiales de la historia local.&nbsp;<\/p>\n\n\n\n<p>En esta primera instancia, el tema central ser\u00e1n los 500 a\u00f1os del paso de Hernando de Magallanes por el estrecho que lleva su nombre, actividad que contar\u00e1 con un panel de destacados expositores integrado por Rafael Cheuquelaf, periodista y m\u00fasico del d\u00fao Lluvia \u00c1cida; Dusan Martinovic, historiador e investigador del Museo Regional de Magallanes; y Nelson Aguilera, antrop\u00f3logo y ex director regional de la Oficina de la Corporaci\u00f3n de Desarrollo Ind\u00edgena (Conadi).&nbsp;<\/p>\n\n\n\n<p>\u201cMe es muy grato invitarlos a un di\u00e1logo ciudadano donde tendremos distintos enfoques sobre lo &nbsp;que sucedi\u00f3 en el territorio de la regi\u00f3n hace 500 a\u00f1os, cuando el navegante Hernando de Magallanes recorri\u00f3 el estrecho que hoy lleva su nombre. Es importante se\u00f1alar que estas presentaciones queremos que sea para todo p\u00fablico interesado en recibir puntos de vista diferentes a los tradicionalmente establecidos\u201d, explic\u00f3 Jayme Maynard, Presidente de la Asociaci\u00f3n de Gu\u00edas de Turismo de Magallanes.<\/p>\n\n\n\n<p>El encuentro Conversaciones ciudadanas: 500 a\u00f1os del paso de Magallanes, ser\u00e1 transmitido en vivo por la p\u00e1gina de Facebook del Espacio Comunitario La Idea el martes 10 noviembre a partir de las 20 horas. Las personas interesadas en sumarse a la iniciativa, podr\u00e1n interactuar con los panelistas a trav\u00e9s de este mismo canal digital\n\n<\/p>\n","protected":false},"excerpt":{"rendered":"<p>El martes 10 de noviembre a las 20 horas, se dar\u00e1 inicio a un ciclo virtual de foros abiertos a la comunidad, donde se abordar\u00e1n algunos de los principales hitos&#8230; <a class=\"read-more\" href=\"https:\/\/www.radiopresidenteibanez.cl\/web\/asociacion-de-guias-de-turismo-de-magallanes-daran-inicio-a-un-ciclo-de-foros-abiertos-sobre-hitos-historicos-controversiales-para-la-region\/\">Leer m\u00e1s<\/a><\/p>\n","protected":false},"author":2,"featured_media":15861,"comment_status":"closed","ping_status":"closed","sticky":false,"template":"","format":"standard","meta":{"footnotes":""},"categories":[1],"tags":[],"class_list":["post-15860","post","type-post","status-publish","format-standard","has-post-thumbnail","hentry","category-cronica"],"_links":{"self":[{"href":"https:\/\/www.radiopresidenteibanez.cl\/web\/wp-json\/wp\/v2\/posts\/15860","targetHints":{"allow":["GET"]}}],"collection":[{"href":"https:\/\/www.radiopresidenteibanez.cl\/web\/wp-json\/wp\/v2\/posts"}],"about":[{"href":"https:\/\/www.radiopresidenteibanez.cl\/web\/wp-json\/wp\/v2\/types\/post"}],"author":[{"embeddable":true,"href":"https:\/\/www.radiopresidenteibanez.cl\/web\/wp-json\/wp\/v2\/users\/2"}],"replies":[{"embeddable":true,"href":"https:\/\/www.radiopresidenteibanez.cl\/web\/wp-json\/wp\/v2\/comments?post=15860"}],"version-history":[{"count":0,"href":"https:\/\/www.radiopresidenteibanez.cl\/web\/wp-json\/wp\/v2\/posts\/15860\/revisions"}],"wp:featuredmedia":[{"embeddable":true,"href":"https:\/\/www.radiopresidenteibanez.cl\/web\/wp-json\/wp\/v2\/media\/15861"}],"wp:attachment":[{"href":"https:\/\/www.radiopresidenteibanez.cl\/web\/wp-json\/wp\/v2\/media?parent=15860"}],"wp:term":[{"taxonomy":"category","embeddable":true,"href":"https:\/\/www.radiopresidenteibanez.cl\/web\/wp-json\/wp\/v2\/categories?post=15860"},{"taxonomy":"post_tag","embeddable":true,"href":"https:\/\/www.radiopresidenteibanez.cl\/web\/wp-json\/wp\/v2\/tags?post=15860"}],"curies":[{"name":"wp","href":"https:\/\/api.w.org\/{rel}","templated":true}]}}