{"id":1585,"date":"2019-02-25T18:53:11","date_gmt":"2019-02-25T18:53:11","guid":{"rendered":"http:\/\/www.radiopresidenteibanez.cl\/web\/?p=1585"},"modified":"2019-02-25T18:53:36","modified_gmt":"2019-02-25T18:53:36","slug":"vecinos-denuncian-la-nula-respuesta-por-parte-de-dos-empresas-de-telefonia-ante-la-caida-de-cables-y-servicio-en-calle-manantiales-entre-avenidas-espana-y-bulnes","status":"publish","type":"post","link":"https:\/\/www.radiopresidenteibanez.cl\/web\/vecinos-denuncian-la-nula-respuesta-por-parte-de-dos-empresas-de-telefonia-ante-la-caida-de-cables-y-servicio-en-calle-manantiales-entre-avenidas-espana-y-bulnes\/","title":{"rendered":"VECINOS DENUNCIAN LA NULA RESPUESTA POR PARTE DE DOS EMPRESAS DE TELEFON\u00cdA, ANTE LA CA\u00cdDA DE CABLES Y SERVICIO EN CALLE MANANTIALES ENTRE AVENIDAS ESPA\u00d1A Y BULNES"},"content":{"rendered":"\n<p>Pese a los llamados a las compa\u00f1\u00edas Movistar y Claro, avisando que los cables de conectividad a dos domicilios en calle Manantiales, entre avenida Espa\u00f1a y Bulnes, impidieron que el paso de camiones terminaran por cortarlos y con ello dejar sin suministro de servicios domiciliarios.<\/p>\n\n\n\n<p>El primer caso ocurri\u00f3 el viernes en la tarde cuando un cami\u00f3n pas\u00f3 a llevar un cable del servicio de Movistar que dej\u00f3 sin internet a uno de los domicilios. Inmediatamente el usuario afectado llam\u00f3 al call center de Movistar y se le inform\u00f3 que a las 18 horas de ese d\u00eda ir\u00edan a reparar. Sin embargo, eso no ocurri\u00f3.<\/p>\n\n\n\n<p>A la ma\u00f1ana siguiente, d\u00eda s\u00e1bado, otro cami\u00f3n con carga en altura pas\u00f3 a llevar este cable, ya a baja altura y con ello arrastr\u00f3 otros cables de la compa\u00f1\u00eda Claro. El usuario nuevamente avis\u00f3 a Movistar y sum\u00f3 su llamado de apoyo a Claro para que enviaran personal t\u00e9cnico y as\u00ed se evitara el corte de los cables ante el tr\u00e1nsito vehicular. Dos camiones con remolques no pudieron transitar desde el poniente al oriente y debieron retroceder hasta calle Espa\u00f1a para buscar otra salida de tr\u00e1nsito hacia la playa.<\/p>\n\n\n\n<p>Sin embargo, otro cami\u00f3n con madera pas\u00f3 m\u00e1s tarde y termin\u00f3 por cortar los cables que cruzaban desde el poste de Manantiales y pasaje Juan Past\u00e9n y terminaban en dos domicilios de calle Manantiales vereda norte.<\/p>\n\n\n\n<p>Pasado el mediod\u00eda del lunes la situaci\u00f3n contin\u00faa tal cual: los cables cortados en la vereda y sin servicios.<\/p>\n\n\n\n<p>Sin duda queda en evidencia la mala gesti\u00f3n de ambas compa\u00f1\u00edas por solucionar las deficiencias t\u00e9cnicas o mala instalaci\u00f3n de los cables que no quedaron a una altura pertinente.<\/p>\n\n\n\n<p>O bien no cuentan con personal t\u00e9cnico suficiente para responder a los requerimientos de los usuarios.\u00a0<\/p>\n\n\n\n<ul class=\"wp-block-gallery columns-2 is-cropped wp-block-gallery-1 is-layout-flex wp-block-gallery-is-layout-flex\"><li class=\"blocks-gallery-item\"><figure><img loading=\"lazy\" decoding=\"async\" width=\"1024\" height=\"768\" src=\"https:\/\/www.radiopresidenteibanez.cl\/web\/wp-content\/uploads\/2019\/02\/cables-2-1024x768.jpg\" alt=\"\" data-id=\"1586\" data-link=\"https:\/\/www.radiopresidenteibanez.cl\/web\/?attachment_id=1586\" class=\"wp-image-1586\" srcset=\"https:\/\/www.radiopresidenteibanez.cl\/web\/wp-content\/uploads\/2019\/02\/cables-2-1024x768.jpg 1024w, https:\/\/www.radiopresidenteibanez.cl\/web\/wp-content\/uploads\/2019\/02\/cables-2-300x225.jpg 300w, https:\/\/www.radiopresidenteibanez.cl\/web\/wp-content\/uploads\/2019\/02\/cables-2-768x576.jpg 768w, https:\/\/www.radiopresidenteibanez.cl\/web\/wp-content\/uploads\/2019\/02\/cables-2.jpg 1177w\" sizes=\"auto, (max-width: 1024px) 100vw, 1024px\" \/><\/figure><\/li><li class=\"blocks-gallery-item\"><figure><img loading=\"lazy\" decoding=\"async\" width=\"1024\" height=\"768\" src=\"https:\/\/www.radiopresidenteibanez.cl\/web\/wp-content\/uploads\/2019\/02\/cables-3-1024x768.jpg\" alt=\"\" data-id=\"1587\" data-link=\"https:\/\/www.radiopresidenteibanez.cl\/web\/?attachment_id=1587\" class=\"wp-image-1587\" srcset=\"https:\/\/www.radiopresidenteibanez.cl\/web\/wp-content\/uploads\/2019\/02\/cables-3-1024x768.jpg 1024w, https:\/\/www.radiopresidenteibanez.cl\/web\/wp-content\/uploads\/2019\/02\/cables-3-300x225.jpg 300w, https:\/\/www.radiopresidenteibanez.cl\/web\/wp-content\/uploads\/2019\/02\/cables-3-768x576.jpg 768w, https:\/\/www.radiopresidenteibanez.cl\/web\/wp-content\/uploads\/2019\/02\/cables-3.jpg 1177w\" sizes=\"auto, (max-width: 1024px) 100vw, 1024px\" \/><\/figure><\/li><li class=\"blocks-gallery-item\"><figure><img loading=\"lazy\" decoding=\"async\" width=\"1024\" height=\"768\" src=\"https:\/\/www.radiopresidenteibanez.cl\/web\/wp-content\/uploads\/2019\/02\/cables-1024x768.jpg\" alt=\"\" data-id=\"1588\" data-link=\"https:\/\/www.radiopresidenteibanez.cl\/web\/?attachment_id=1588\" class=\"wp-image-1588\" srcset=\"https:\/\/www.radiopresidenteibanez.cl\/web\/wp-content\/uploads\/2019\/02\/cables-1024x768.jpg 1024w, https:\/\/www.radiopresidenteibanez.cl\/web\/wp-content\/uploads\/2019\/02\/cables-300x225.jpg 300w, https:\/\/www.radiopresidenteibanez.cl\/web\/wp-content\/uploads\/2019\/02\/cables-768x576.jpg 768w, https:\/\/www.radiopresidenteibanez.cl\/web\/wp-content\/uploads\/2019\/02\/cables.jpg 1257w\" sizes=\"auto, (max-width: 1024px) 100vw, 1024px\" \/><\/figure><\/li><\/ul>\n","protected":false},"excerpt":{"rendered":"<p>Pese a los llamados a las compa\u00f1\u00edas Movistar y Claro, avisando que los cables de conectividad a dos domicilios en calle Manantiales, entre avenida Espa\u00f1a y Bulnes, impidieron que el&#8230; <a class=\"read-more\" href=\"https:\/\/www.radiopresidenteibanez.cl\/web\/vecinos-denuncian-la-nula-respuesta-por-parte-de-dos-empresas-de-telefonia-ante-la-caida-de-cables-y-servicio-en-calle-manantiales-entre-avenidas-espana-y-bulnes\/\">Leer m\u00e1s<\/a><\/p>\n","protected":false},"author":2,"featured_media":1588,"comment_status":"closed","ping_status":"closed","sticky":false,"template":"","format":"standard","meta":{"footnotes":""},"categories":[1,7],"tags":[],"class_list":["post-1585","post","type-post","status-publish","format-standard","has-post-thumbnail","hentry","category-cronica","category-galeria-de-fotos"],"_links":{"self":[{"href":"https:\/\/www.radiopresidenteibanez.cl\/web\/wp-json\/wp\/v2\/posts\/1585","targetHints":{"allow":["GET"]}}],"collection":[{"href":"https:\/\/www.radiopresidenteibanez.cl\/web\/wp-json\/wp\/v2\/posts"}],"about":[{"href":"https:\/\/www.radiopresidenteibanez.cl\/web\/wp-json\/wp\/v2\/types\/post"}],"author":[{"embeddable":true,"href":"https:\/\/www.radiopresidenteibanez.cl\/web\/wp-json\/wp\/v2\/users\/2"}],"replies":[{"embeddable":true,"href":"https:\/\/www.radiopresidenteibanez.cl\/web\/wp-json\/wp\/v2\/comments?post=1585"}],"version-history":[{"count":0,"href":"https:\/\/www.radiopresidenteibanez.cl\/web\/wp-json\/wp\/v2\/posts\/1585\/revisions"}],"wp:featuredmedia":[{"embeddable":true,"href":"https:\/\/www.radiopresidenteibanez.cl\/web\/wp-json\/wp\/v2\/media\/1588"}],"wp:attachment":[{"href":"https:\/\/www.radiopresidenteibanez.cl\/web\/wp-json\/wp\/v2\/media?parent=1585"}],"wp:term":[{"taxonomy":"category","embeddable":true,"href":"https:\/\/www.radiopresidenteibanez.cl\/web\/wp-json\/wp\/v2\/categories?post=1585"},{"taxonomy":"post_tag","embeddable":true,"href":"https:\/\/www.radiopresidenteibanez.cl\/web\/wp-json\/wp\/v2\/tags?post=1585"}],"curies":[{"name":"wp","href":"https:\/\/api.w.org\/{rel}","templated":true}]}}