{"id":15849,"date":"2020-11-09T14:14:31","date_gmt":"2020-11-09T14:14:31","guid":{"rendered":"https:\/\/www.radiopresidenteibanez.cl\/web\/?p=15849"},"modified":"2020-11-09T14:14:36","modified_gmt":"2020-11-09T14:14:36","slug":"50-anos-sin-janis-joplin-en-el-ultimo-tren-a-casa","status":"publish","type":"post","link":"https:\/\/www.radiopresidenteibanez.cl\/web\/50-anos-sin-janis-joplin-en-el-ultimo-tren-a-casa\/","title":{"rendered":"50 A\u00d1OS SIN JANIS JOPLIN EN EL \u00ab\u00daLTIMO TREN A CASA\u00bb"},"content":{"rendered":"\n<p>Este viernes 13 de noviembre&nbsp;\nalas 19 hrs. el programa \u00abEl \u00faltimo tren a casa\u00bb que produce\nel Colectivo Aczi\u00f3n Kultural y que conduce Pedro Guichapany presentar\u00e1 una\nedici\u00f3n dedicada a la cantante estadounidense JANIS JOPLIN a 50 a\u00f1os de su\nmuerte.<\/p>\n\n\n\n<p>Ten\u00eda 27 a\u00f1os cuando fue encontrada muerta en un hotel de\nLos Angeles. Por esos d\u00edas grababa el disco \u00abPearl\u00bb y con su voz y su\nmodo de interpretar se hab\u00eda convertido en un fen\u00f3meno. <\/p>\n\n\n\n<p>Janis Joplin, un \u00edcono femenino de los 60&#8242;, una estrella\nfugaz y fascinante.<\/p>\n\n\n\n<p>Janis Joplin es considerada por la cr\u00edtica especializada una\nde las mejores voces y m\u00e1s influyentes artistas de todos los tiempos y la\nprimera mujer estrella del rock and roll.<\/p>\n\n\n\n<p>En esta jornada podr\u00e1s escuchar una gran selecci\u00f3n de las\nmejores conaciones que nos dej\u00f3 Janis Joplin.<\/p>\n","protected":false},"excerpt":{"rendered":"<p>Este viernes 13 de noviembre&nbsp; alas 19 hrs. el programa \u00abEl \u00faltimo tren a casa\u00bb que produce el Colectivo Aczi\u00f3n Kultural y que conduce Pedro Guichapany presentar\u00e1 una edici\u00f3n dedicada&#8230; <a class=\"read-more\" href=\"https:\/\/www.radiopresidenteibanez.cl\/web\/50-anos-sin-janis-joplin-en-el-ultimo-tren-a-casa\/\">Leer m\u00e1s<\/a><\/p>\n","protected":false},"author":2,"featured_media":15850,"comment_status":"closed","ping_status":"closed","sticky":false,"template":"","format":"standard","meta":{"footnotes":""},"categories":[1],"tags":[],"class_list":["post-15849","post","type-post","status-publish","format-standard","has-post-thumbnail","hentry","category-cronica"],"_links":{"self":[{"href":"https:\/\/www.radiopresidenteibanez.cl\/web\/wp-json\/wp\/v2\/posts\/15849","targetHints":{"allow":["GET"]}}],"collection":[{"href":"https:\/\/www.radiopresidenteibanez.cl\/web\/wp-json\/wp\/v2\/posts"}],"about":[{"href":"https:\/\/www.radiopresidenteibanez.cl\/web\/wp-json\/wp\/v2\/types\/post"}],"author":[{"embeddable":true,"href":"https:\/\/www.radiopresidenteibanez.cl\/web\/wp-json\/wp\/v2\/users\/2"}],"replies":[{"embeddable":true,"href":"https:\/\/www.radiopresidenteibanez.cl\/web\/wp-json\/wp\/v2\/comments?post=15849"}],"version-history":[{"count":0,"href":"https:\/\/www.radiopresidenteibanez.cl\/web\/wp-json\/wp\/v2\/posts\/15849\/revisions"}],"wp:featuredmedia":[{"embeddable":true,"href":"https:\/\/www.radiopresidenteibanez.cl\/web\/wp-json\/wp\/v2\/media\/15850"}],"wp:attachment":[{"href":"https:\/\/www.radiopresidenteibanez.cl\/web\/wp-json\/wp\/v2\/media?parent=15849"}],"wp:term":[{"taxonomy":"category","embeddable":true,"href":"https:\/\/www.radiopresidenteibanez.cl\/web\/wp-json\/wp\/v2\/categories?post=15849"},{"taxonomy":"post_tag","embeddable":true,"href":"https:\/\/www.radiopresidenteibanez.cl\/web\/wp-json\/wp\/v2\/tags?post=15849"}],"curies":[{"name":"wp","href":"https:\/\/api.w.org\/{rel}","templated":true}]}}