{"id":15846,"date":"2020-11-09T14:12:44","date_gmt":"2020-11-09T14:12:44","guid":{"rendered":"https:\/\/www.radiopresidenteibanez.cl\/web\/?p=15846"},"modified":"2020-11-09T14:12:49","modified_gmt":"2020-11-09T14:12:49","slug":"parque-omora-se-integra-a-red-para-monitorear-gases-efecto-invernadero","status":"publish","type":"post","link":"https:\/\/www.radiopresidenteibanez.cl\/web\/parque-omora-se-integra-a-red-para-monitorear-gases-efecto-invernadero\/","title":{"rendered":"PARQUE OMORA SE INTEGRA A RED PARA MONITOREAR GASES EFECTO INVERNADERO"},"content":{"rendered":"\n<p>La Universidad de Magallanes (UMAG) e Instituto de Ecolog\u00eda y Biodiversidad\n(IEB) se adjudicaron una de las propuestas \u201ctop ten\u201d del IX Concurso de\nEquipamiento Cient\u00edfico y Tecnol\u00f3gico Mediano Fondequip, convocado por la\nAgencia Nacional de Investigaci\u00f3n y Desarrollo. <\/p>\n\n\n\n<p>Este proyecto permitir\u00e1 a que el Parque Omora, en isla Navarino, se integre\na una red nacional y mundial de monitoreo del intercambio de gases de efecto\ninvernadero entre la atm\u00f3sfera y los ecosistemas, fij\u00e1ndose lo que ocurre en\nlas turberas y bosques m\u00e1s australes del planeta.<\/p>\n\n\n\n<p>La iniciativa fue postulada por el Instituto de Ecolog\u00eda y Biodiversidad,\nuna de las instituciones que junto a la Universidad de Magallanes, Universidad\nde North Texas y Fundaci\u00f3n Omora promueven el desarrollo de ciencia en la\nReserva de la Bi\u00f3sfera Cabo de Hornos.<\/p>\n\n\n\n<p>El ingeniero civil en geograf\u00eda y doctorante en ciencia ant\u00e1rtica y\nsubant\u00e1rtica de la UMAG, Francisco Aguirre, destaca que el proyecto fue\nseleccionado entre 20 iniciativas elegidas de m\u00e1s de 200 postulaciones a nivel\nnacional. Para ello se adjudicaron recursos por $400 millones y Aguirre\nexplica: \u201cAc\u00e1 se est\u00e1 reforzando y ampliando la actual red existente que son\nestaciones que est\u00e1n muy enfocadas en el centro sur del pa\u00eds y era todo el\nmonitoreo que ten\u00eda Chile asociado al estudio de los ecosistemas terrestres y\nparticipaci\u00f3n en el intercambio de gases. Llam\u00e9moslo la interacci\u00f3n bi\u00f3sfera y\natm\u00f3sfera identificando si son sumideros o emiten gases efecto invernadero y\ncomo el cambio clim\u00e1tico afecta este equilibrio\u201d, resume el investigador.<\/p>\n\n\n\n<p>Es relevante que al ampliarse la red se suman 14 grados sur al instalar a\nfuturo equipos en el Parque Omora en Puerto Williams, en una zona de bosques y\nde turberas.<\/p>\n\n\n\n<p>\u201cAdicionalmente las turberas est\u00e1n consideradas como la emisi\u00f3n bioeg\u00e9nica\nde metano m\u00e1s grande del mundo. Actualmente estas emisiones no son consideradas\nen ning\u00fan modelo de cambio clim\u00e1tico\u201d, explica. <\/p>\n\n\n\n<p>Magallanes&nbsp; posee la mayor extensi\u00f3n\nde turberas en Sudam\u00e9rica y all\u00ed la importancia de los investigadores por fijar\nla vista en las de Magallanes y evaluar cu\u00e1nto influyen en el cambio clim\u00e1tico.<\/p>\n\n\n\n<p>\u201cEl metano y el carbono son dos gases invernaderos, pero el metano en el\ncorto plazo llega a tener m\u00e1s de 72 veces la capacidad de gases efecto\ninvernadero relacionado al CO2. Tiene una capacidad mucho m\u00e1s grande de\ncapturar energ\u00eda. Y ese es un poco la gran diferencia que tiene el metano con\nel CO2 asociado con el cambio clim\u00e1tico. Tiene un impacto mucho mayor en el\ncorto plazo\u201d, sostiene Francisco Aguirre.<\/p>\n\n\n\n<p>Y agrega que el efecto invernadero, que es la energ\u00eda que llega a la tierra\ny despu\u00e9s es liberada como energ\u00eda en onda larga o calor latente, es atrapada y\nmantenida por el metano dentro de la tierra. As\u00ed aumenta a\u00fan m\u00e1s la temperatura\ndel planeta por estas emisiones de metano. Tiene un impacto mucho mayor, dice\nAguirre.<\/p>\n\n\n\n<p>Otro dato importante es que el carbono o CO2 es s\u00faper estable en la\natm\u00f3sfera y no tiene la degradaci\u00f3n como la puede tener el gas metano.<\/p>\n\n\n\n<p>\u201cLa parte viva de la turbera \u2013agrega- es el famoso pomp\u00f3n que vemos en su\nsuperficie a ras de suelo y tiene un manejo de extracci\u00f3n. La parte muerta\npuede extenderse hasta 10 metros de profundidad. Si la turbera muerta es\nexpuesta, entonces el metano contenida en ella se libera&nbsp; acelerando calentamiento global\u201d.&nbsp;&nbsp; <\/p>\n\n\n\n<p>\u201cCon las mediciones que realizaremos podremos detectar posibles problemas\nasociados a variaciones en clima como la falta o cambios en el tipo\nprecipitaci\u00f3n, aumento de los vientos y temperatura, disminuci\u00f3n de la\ntemporada de nieve\u201d, afirma Francisco Aguirre.<\/p>\n\n\n\n<p>La falta de lluvia puede provocar la degradaci\u00f3n de la turbera, como \u00e9l\nmismo lo ha visto en el monte Tarn, al sur de Punta Arenas, donde se refleja la\nsequedad en la degradaci\u00f3n de los pompones. Ahora bien, el cambio clim\u00e1tico\npuede generar una resequedad de las turberas y provocar la p\u00e9rdida de capacidad\nde consumir CO2, su liberaci\u00f3n y aumentar la emisi\u00f3n de metano.<\/p>\n\n\n\n<p>Con este proyecto de alguna forma realizar\u00e1n una evaluaci\u00f3n \u201cm\u00e9dica\u201d de las\nturberas y c\u00f3mo el cambio clim\u00e1tico afecta el intercambio de gases de efecto\ninvernadero.<\/p>\n\n\n\n<p>En la zona de turba el equipo de medici\u00f3n quedar\u00e1 instalado en la\nsuperficie y la estaci\u00f3n a no m\u00e1s de dos metros de altura, mientras que en zona\nde bosque la estaci\u00f3n quedar\u00e1 sobre el dosel de los \u00e1rboles a una altura\nproyectada entre los 20 y 25 metros. Ambas estaciones al interior del Parque\nOmora estar\u00e1n distantes a unos 300 metros entre s\u00ed.<\/p>\n\n\n\n<p>Adem\u00e1s, quedar\u00e1n conectadas con los equipos de la Universidad de La Serena\ndel Centro de Estudios Avanzados de Zonas Aridas, como tambi\u00e9n a la red de\nSenda Darwin. \u201cSer\u00e1 una triangulaci\u00f3n entre La Serena, Senda Darwin y Omora,\nlos tres sitios fundadores de la Red de Estudios Socioecol\u00f3gicos a largo plazo\nque tiene Chile\u201d, explica Aguirre. <\/p>\n\n\n\n<p>Otra innovaci\u00f3n es que con la llegada de la fibra \u00f3ptica austral hasta\nPuerto Williams, este proyecto podr\u00e1 contar con el apoyo del Centro de\nModelamiento Matem\u00e1tico y la Facultad de Ciencias Agron\u00f3micas de la Universidad\nde Chile, la Red NEXER y la Universidad de la Serena y el apoyo internacional\nde Max Planck Institute (MPI) y la Universit\u00e4t Hamburg (Alemania), Universidad\nde Campinas (Brasil), Universidad de North Texas y la Universidad de Colorado\nDenver , ambas de Estados Unidos. De esta manera la conectividad potenciar\u00e1 la\ncolaboraci\u00f3n de estudios de cambio climatico comparativos a nivel global. <\/p>\n\n\n\n<p>Aguirre destaca tambi\u00e9n la vasta experiencia de los investigadores Jorge\nP\u00e9rez Quezada y Francisco Squeo del IEB en estudios entre interfaces de gases\nefecto invernaderos con la bi\u00f3sfera. <\/p>\n","protected":false},"excerpt":{"rendered":"<p>La Universidad de Magallanes (UMAG) e Instituto de Ecolog\u00eda y Biodiversidad (IEB) se adjudicaron una de las propuestas \u201ctop ten\u201d del IX Concurso de Equipamiento Cient\u00edfico y Tecnol\u00f3gico Mediano Fondequip,&#8230; <a class=\"read-more\" href=\"https:\/\/www.radiopresidenteibanez.cl\/web\/parque-omora-se-integra-a-red-para-monitorear-gases-efecto-invernadero\/\">Leer m\u00e1s<\/a><\/p>\n","protected":false},"author":2,"featured_media":15847,"comment_status":"closed","ping_status":"closed","sticky":false,"template":"","format":"standard","meta":{"footnotes":""},"categories":[1],"tags":[],"class_list":["post-15846","post","type-post","status-publish","format-standard","has-post-thumbnail","hentry","category-cronica"],"_links":{"self":[{"href":"https:\/\/www.radiopresidenteibanez.cl\/web\/wp-json\/wp\/v2\/posts\/15846","targetHints":{"allow":["GET"]}}],"collection":[{"href":"https:\/\/www.radiopresidenteibanez.cl\/web\/wp-json\/wp\/v2\/posts"}],"about":[{"href":"https:\/\/www.radiopresidenteibanez.cl\/web\/wp-json\/wp\/v2\/types\/post"}],"author":[{"embeddable":true,"href":"https:\/\/www.radiopresidenteibanez.cl\/web\/wp-json\/wp\/v2\/users\/2"}],"replies":[{"embeddable":true,"href":"https:\/\/www.radiopresidenteibanez.cl\/web\/wp-json\/wp\/v2\/comments?post=15846"}],"version-history":[{"count":0,"href":"https:\/\/www.radiopresidenteibanez.cl\/web\/wp-json\/wp\/v2\/posts\/15846\/revisions"}],"wp:featuredmedia":[{"embeddable":true,"href":"https:\/\/www.radiopresidenteibanez.cl\/web\/wp-json\/wp\/v2\/media\/15847"}],"wp:attachment":[{"href":"https:\/\/www.radiopresidenteibanez.cl\/web\/wp-json\/wp\/v2\/media?parent=15846"}],"wp:term":[{"taxonomy":"category","embeddable":true,"href":"https:\/\/www.radiopresidenteibanez.cl\/web\/wp-json\/wp\/v2\/categories?post=15846"},{"taxonomy":"post_tag","embeddable":true,"href":"https:\/\/www.radiopresidenteibanez.cl\/web\/wp-json\/wp\/v2\/tags?post=15846"}],"curies":[{"name":"wp","href":"https:\/\/api.w.org\/{rel}","templated":true}]}}