{"id":15834,"date":"2020-11-09T04:15:45","date_gmt":"2020-11-09T04:15:45","guid":{"rendered":"https:\/\/www.radiopresidenteibanez.cl\/web\/?p=15834"},"modified":"2020-11-08T18:45:59","modified_gmt":"2020-11-08T18:45:59","slug":"sabes-si-seras-vocal-de-mesa-para-las-primarias-servel-publico-nomina-para-este-proximo-29-de-noviembre","status":"publish","type":"post","link":"https:\/\/www.radiopresidenteibanez.cl\/web\/sabes-si-seras-vocal-de-mesa-para-las-primarias-servel-publico-nomina-para-este-proximo-29-de-noviembre\/","title":{"rendered":"\u00bfSABES SI SER\u00c1S VOCAL DE MESA PARA LAS PRIMARIAS? SERVEL P\u00daBLICO NOMINA PARA ESTE PR\u00d3XIMO 29 DE NOVIEMBRE"},"content":{"rendered":"\n<p>&nbsp;Pasadas las 00:00 de\neste s\u00e1bado, el Servicio Electoral public\u00f3 las n\u00f3minas de vocales de mesa y\nlocales de votaci\u00f3n para las primarias de alcaldes y gobernadores regionales de\neste pr\u00f3ximo domingo 29 de noviembre.<\/p>\n\n\n\n<p>En esta oportunidad, las Juntas Electorales determinar\u00e1n los\nvocales sorte\u00e1ndolos entre quienes fueron nombrados para dicha funci\u00f3n en el\nPlebiscito Nacional. Para las 21.281 mesas de sufragio se dispondr\u00e1 de cinco\nvocales. No obstante, una mesa podr\u00e1 funcionar con la presencia de solo tres\nvocales.<\/p>\n\n\n\n<p>Para estas elecciones Primaras y seg\u00fan la normativa dictada por Servel, las mesas funcionar\u00e1n entre las 8.00 y 18.00 horas, a menos que, llegada la hora de cierre, hubiese electores de la mesa esperando para sufragar.<\/p>\n\n\n\n<p>Consulta con t\u00fa rut si eres vocal de mesa en el siguiente link: <a href=\"https:\/\/consulta.servel.cl\/\">https:\/\/consulta.servel.cl\/<\/a><\/p>\n\n\n\n<p>En los tres d\u00edas h\u00e1biles siguientes a la publicaci\u00f3n de la\nn\u00f3mina de vocales, es decir lunes 9, martes 10 y mi\u00e9rcoles 11 de noviembre, los\nvocales que lo necesiten, podr\u00e1 excusarse de desempe\u00f1ar el cargo, acogi\u00e9ndose a\nlas causales de excusa del art\u00edculo 49 de la ley 18.700 y a aquellas integradas\npor el Consejo Directivo de Servel, las que en conjunto son:<\/p>\n\n\n\n<p>Tener 60 o m\u00e1s a\u00f1os de edad.<\/p>\n\n\n\n<p>Desempe\u00f1arse como cuidadoras o cuidadores de adultos mayores\no personas con necesidades especiales y las que se desempe\u00f1en en los\nestablecimientos de larga estad\u00eda para adultos mayores (ELEAM).<\/p>\n\n\n\n<p>Mujeres embarazadas, durante todo el per\u00edodo de gestaci\u00f3n.<\/p>\n\n\n\n<p>Estar el vocal comprendido entre las causales de inhabilidad\ncontempladas en el art\u00edculo 45 de la Ley N\u00b0 18.700 o haber sido designado\nmiembro del Colegio Escrutador.<\/p>\n\n\n\n<p>Estar ausente del pa\u00eds o radicado en alguna localidad\ndistante m\u00e1s de 300 kil\u00f3metros o con la que no haya comunicaciones expeditas,\nhecho que calificar\u00e1 la Junta Electoral respectiva.<\/p>\n\n\n\n<p>Tener que desempe\u00f1ar en los mismos d\u00edas y horas de\nfuncionamiento de las Mesas, otras funciones que encomiende la Ley N\u00b0 18.700.<\/p>\n\n\n\n<p>Estar f\u00edsica o mentalmente imposibilitado de ejercer la\nfunci\u00f3n, circunstancia que deber\u00e1 ser acreditada con certificado m\u00e9dico.<\/p>\n\n\n\n<p>Cumplir labores en establecimientos hospitalarios en los\nmismos d\u00edas en que funcionen las Mesas Receptoras de Sufragios, lo que deber\u00e1\nacreditarse mediante certificado del director del respectivo establecimiento de\nsalud.<\/p>\n\n\n\n<p>Las excusas podr\u00e1n ser formuladas por escrito ante el\nsecretario de la Junta Electoral respectiva o acreditar ante el delegado del\nlocal el d\u00eda de las Primarias o ante el Juez de Polic\u00eda Local si llegasen a ser\ncitados con posterioridad.<\/p>\n\n\n\n<p>Todos los vocales deber\u00e1n asistir a la constituci\u00f3n de mesas\nel d\u00eda 28 de noviembre a las 15.00 horas. en su respectivo local de votaci\u00f3n.<\/p>\n\n\n\n<p>OTRAS FECHAS IMPORTANTES<\/p>\n\n\n\n<p>S\u00e1bado 14 de noviembre:<\/p>\n\n\n\n<p>Las Junta Electoral publican las n\u00f3minas de reemplazantes de\nvocales para mesas receptoras de sufragios y miembros de Colegios Escrutadores<\/p>\n\n\n\n<p>\u00daltimo d\u00eda para divulgar resultados de encuestas de opini\u00f3n\np\u00fablica referidas a preferencias electorales<\/p>\n\n\n\n<p>Martes 24 de noviembre:<\/p>\n\n\n\n<p>El Servicio Electoral publicar\u00e1, en diarios, los facs\u00edmiles\nde las c\u00e9dulas oficiales de votaci\u00f3n y las caracter\u00edsticas materiales de las\nplantillas para no videntes que se utilizar\u00e1n en las elecciones primarias.<\/p>\n\n\n\n<p>Jueves 26 de noviembre:<\/p>\n\n\n\n<p>A las 24:00 horas termina todo tipo de propaganda electoral.<\/p>\n\n\n\n<p>S\u00e1bado 28 de noviembre:<\/p>\n\n\n\n<p>A las 15:00 horas, los vocales de Mesas Receptoras\ndesignados se re\u00fanen para constituirse en el sitio que se les haya fijado para\nsu funcionamiento.<\/p>\n\n\n\n<p>Domingo 29 de noviembre:<\/p>\n\n\n\n<p>Elecciones Primarias de Gobernadores Regionales y de\nAlcaldes.<\/p>\n\n\n\n<p>Fuente: 24 Horas<\/p>\n","protected":false},"excerpt":{"rendered":"<p>&nbsp;Pasadas las 00:00 de este s\u00e1bado, el Servicio Electoral public\u00f3 las n\u00f3minas de vocales de mesa y locales de votaci\u00f3n para las primarias de alcaldes y gobernadores regionales de este&#8230; <a class=\"read-more\" href=\"https:\/\/www.radiopresidenteibanez.cl\/web\/sabes-si-seras-vocal-de-mesa-para-las-primarias-servel-publico-nomina-para-este-proximo-29-de-noviembre\/\">Leer m\u00e1s<\/a><\/p>\n","protected":false},"author":2,"featured_media":15835,"comment_status":"closed","ping_status":"closed","sticky":false,"template":"","format":"standard","meta":{"footnotes":""},"categories":[1],"tags":[],"class_list":["post-15834","post","type-post","status-publish","format-standard","has-post-thumbnail","hentry","category-cronica"],"_links":{"self":[{"href":"https:\/\/www.radiopresidenteibanez.cl\/web\/wp-json\/wp\/v2\/posts\/15834","targetHints":{"allow":["GET"]}}],"collection":[{"href":"https:\/\/www.radiopresidenteibanez.cl\/web\/wp-json\/wp\/v2\/posts"}],"about":[{"href":"https:\/\/www.radiopresidenteibanez.cl\/web\/wp-json\/wp\/v2\/types\/post"}],"author":[{"embeddable":true,"href":"https:\/\/www.radiopresidenteibanez.cl\/web\/wp-json\/wp\/v2\/users\/2"}],"replies":[{"embeddable":true,"href":"https:\/\/www.radiopresidenteibanez.cl\/web\/wp-json\/wp\/v2\/comments?post=15834"}],"version-history":[{"count":0,"href":"https:\/\/www.radiopresidenteibanez.cl\/web\/wp-json\/wp\/v2\/posts\/15834\/revisions"}],"wp:featuredmedia":[{"embeddable":true,"href":"https:\/\/www.radiopresidenteibanez.cl\/web\/wp-json\/wp\/v2\/media\/15835"}],"wp:attachment":[{"href":"https:\/\/www.radiopresidenteibanez.cl\/web\/wp-json\/wp\/v2\/media?parent=15834"}],"wp:term":[{"taxonomy":"category","embeddable":true,"href":"https:\/\/www.radiopresidenteibanez.cl\/web\/wp-json\/wp\/v2\/categories?post=15834"},{"taxonomy":"post_tag","embeddable":true,"href":"https:\/\/www.radiopresidenteibanez.cl\/web\/wp-json\/wp\/v2\/tags?post=15834"}],"curies":[{"name":"wp","href":"https:\/\/api.w.org\/{rel}","templated":true}]}}