{"id":15827,"date":"2020-11-09T03:45:27","date_gmt":"2020-11-09T03:45:27","guid":{"rendered":"https:\/\/www.radiopresidenteibanez.cl\/web\/?p=15827"},"modified":"2020-11-08T18:29:01","modified_gmt":"2020-11-08T18:29:01","slug":"alcalde-radonich-se-reunio-con-ministra-karla-rubilar-para-revisar-opciones-frente-al-cierre-de-residencia-del-hogar-de-cristo","status":"publish","type":"post","link":"https:\/\/www.radiopresidenteibanez.cl\/web\/alcalde-radonich-se-reunio-con-ministra-karla-rubilar-para-revisar-opciones-frente-al-cierre-de-residencia-del-hogar-de-cristo\/","title":{"rendered":"ALCALDE RADONICH SE REUNI\u00d3 CON MINISTRA KARLA RUBILAR PARA REVISAR OPCIONES FRENTE AL CIERRE DE RESIDENCIA DEL HOGAR DE CRISTO"},"content":{"rendered":"\n<p>El pasado viernes, el Alcalde Claudio Radonich lleg\u00f3 hasta el Palacio de la Moneda, para reunirse con la Ministra de Desarrollo Social, Karla Rubilar y as\u00ed poder ver alternativas frente al cierre de su Residencia en Punta Arenas, anunciado por la Fundaci\u00f3n del Hogar de Cristo hace algunas semanas.<\/p>\n\n\n\n<p>Frente a ello, Radonich dijo que \u201ccomo Municipalidad queremos ser parte de la soluci\u00f3n para que los 28 adultos mayores que hoy residen en el Hogar de Cristo, puedan continuar en un lugar en el que puedan recibir las atenciones que corresponden, como tambi\u00e9n colaborar con los 30 trabajadores y funcionarios de este Centro que eventualmente, quedar\u00e1n sin trabajo en medio de la Pandemia\u201d.<\/p>\n\n\n\n<p>A esto, la autoridad local agreg\u00f3 que \u201clamentablemente, no hemos tenido mayor informaci\u00f3n por parte del Hogar de Cristo como instituci\u00f3n, pero s\u00ed pude conversar con la ministra Rubilar al respecto, quien me reiter\u00f3 que est\u00e1n trabajando en poder dar viabilidad para continuar de alguna manera con el trabajo.<\/p>\n\n\n\n<p>De igual forma, el Alcalde explic\u00f3 que \u201choy queda poco tiempo para poder reaccionar, por lo que este recinto debe ser intervenido para estandarizar el inmueble y mantener la construcci\u00f3n acorde a las necesidades, por lo que le he propuesto a la Ministra que la Municipalidad pueda tener el Comodato de este recinto y as\u00ed poder recibir inversiones p\u00fablicas\u201d.<\/p>\n\n\n\n<p>De acuerdo a la informaci\u00f3n entregada por la Ministra, han estado trabajando con otras fundaciones y organizaciones, que podr\u00edan hacerse cargo de la gesti\u00f3n de los adultos mayores.<\/p>\n\n\n\n<p>Finalmente, el jefe comunal reiter\u00f3 que \u201cqueremos ser parte de la soluci\u00f3n, pero para ello necesitamos obtener mayor informaci\u00f3n desde el Hogar de Cristo, ya que de ellos dependen gran parte de las acciones que est\u00e1n pendientes\u201d.<\/p>\n\n\n\n<p>La residencia ubicada en calle Balmaceda fue inaugurada el 4 de abril de 1987, durante la visita del Papa Juan Pablo II a Magallanes.<\/p>\n","protected":false},"excerpt":{"rendered":"<p>El pasado viernes, el Alcalde Claudio Radonich lleg\u00f3 hasta el Palacio de la Moneda, para reunirse con la Ministra de Desarrollo Social, Karla Rubilar y as\u00ed poder ver alternativas frente&#8230; <a class=\"read-more\" href=\"https:\/\/www.radiopresidenteibanez.cl\/web\/alcalde-radonich-se-reunio-con-ministra-karla-rubilar-para-revisar-opciones-frente-al-cierre-de-residencia-del-hogar-de-cristo\/\">Leer m\u00e1s<\/a><\/p>\n","protected":false},"author":2,"featured_media":15828,"comment_status":"closed","ping_status":"closed","sticky":false,"template":"","format":"standard","meta":{"footnotes":""},"categories":[1],"tags":[],"class_list":["post-15827","post","type-post","status-publish","format-standard","has-post-thumbnail","hentry","category-cronica"],"_links":{"self":[{"href":"https:\/\/www.radiopresidenteibanez.cl\/web\/wp-json\/wp\/v2\/posts\/15827","targetHints":{"allow":["GET"]}}],"collection":[{"href":"https:\/\/www.radiopresidenteibanez.cl\/web\/wp-json\/wp\/v2\/posts"}],"about":[{"href":"https:\/\/www.radiopresidenteibanez.cl\/web\/wp-json\/wp\/v2\/types\/post"}],"author":[{"embeddable":true,"href":"https:\/\/www.radiopresidenteibanez.cl\/web\/wp-json\/wp\/v2\/users\/2"}],"replies":[{"embeddable":true,"href":"https:\/\/www.radiopresidenteibanez.cl\/web\/wp-json\/wp\/v2\/comments?post=15827"}],"version-history":[{"count":0,"href":"https:\/\/www.radiopresidenteibanez.cl\/web\/wp-json\/wp\/v2\/posts\/15827\/revisions"}],"wp:featuredmedia":[{"embeddable":true,"href":"https:\/\/www.radiopresidenteibanez.cl\/web\/wp-json\/wp\/v2\/media\/15828"}],"wp:attachment":[{"href":"https:\/\/www.radiopresidenteibanez.cl\/web\/wp-json\/wp\/v2\/media?parent=15827"}],"wp:term":[{"taxonomy":"category","embeddable":true,"href":"https:\/\/www.radiopresidenteibanez.cl\/web\/wp-json\/wp\/v2\/categories?post=15827"},{"taxonomy":"post_tag","embeddable":true,"href":"https:\/\/www.radiopresidenteibanez.cl\/web\/wp-json\/wp\/v2\/tags?post=15827"}],"curies":[{"name":"wp","href":"https:\/\/api.w.org\/{rel}","templated":true}]}}