{"id":15824,"date":"2020-11-09T03:30:00","date_gmt":"2020-11-09T03:30:00","guid":{"rendered":"https:\/\/www.radiopresidenteibanez.cl\/web\/?p=15824"},"modified":"2020-11-08T18:26:57","modified_gmt":"2020-11-08T18:26:57","slug":"41-anos-de-servicio-de-la-lancha-misilera-casma","status":"publish","type":"post","link":"https:\/\/www.radiopresidenteibanez.cl\/web\/41-anos-de-servicio-de-la-lancha-misilera-casma\/","title":{"rendered":"41 A\u00d1OS DE SERVICIO DE LA LANCHA MISILERA \u201cCASMA\u201d"},"content":{"rendered":"\n<p>El 08 de noviembre de 1979 en Israel, en una breve pero significativa ceremonia, se iz\u00f3 el pabell\u00f3n nacional en la LM 30 \u201cCasma\u201d, siendo la primera Lancha Misilera de la Armada de Chile.<\/p>\n\n\n\n<p>La Unidad hab\u00eda servido durante 5 a\u00f1os en la Marina de Israel bajo el nombre de&nbsp;INS \u201cRomach\u201d,&nbsp;siendo&nbsp;parte de la clase Reshef, Saar IV, en&nbsp;donde&nbsp;se plasma gran parte de las lecciones aprendidas durante la Guerra de Yom Kippur.<\/p>\n\n\n\n<p>Con 58,1 metros de eslora, 7,62 metros de manga&nbsp; y un calado de 2,69 metros, tiene un desplazamiento de 450 toneladas, y una velocidad m\u00e1xima de 32 nudos.<\/p>\n\n\n\n<p>La LM 30 \u201cCasma\u201d arrib\u00f3 a su primer Puerto Base nacional el 13 de diciembre de 1979, aposentada en la Tercera Zona Naval. Entre los a\u00f1os 1990 a 1999 fue trasladada al Comando de Misileras en el puerto de Iquique, para posteriormente ser asignada al Puerto Base de Punta Arenas, desde donde presta servicios en la actualidad.<\/p>\n\n\n\n<p>En sus 41 a\u00f1os de servicio ha participado en diversas operaciones de rescate, resguardo de los&nbsp;Intereses&nbsp;Mar\u00edtimos nacionales, aportando a tareas en el \u00e1mbito de la Cooperaci\u00f3n Internacional y al Desarrollo Nacional.<\/p>\n\n\n\n<p>En&nbsp;su her\u00e1ldica&nbsp;se&nbsp;simbolizan&nbsp;con el az\u00fal prusia la voluntad de lucha por los intereses de Chile, adornado por un misil que representa el poder de fuego de la Unidad, el cual es impulsado por un rayo, el que representa la traducci\u00f3n de la palabra Reshef, correspondiente a su clase de dise\u00f1o israel\u00ed.<\/p>\n\n\n\n<p>En faja una figura que representa en l\u00edneas estilizadas las caracter\u00edsticas del buque y las virtudes de su dotaci\u00f3n: velocidad, alta tecnolog\u00eda, audacia, valent\u00eda, osad\u00eda y juventud.<\/p>\n\n\n\n<p><br>Sobre la cubierta, tres lanzas araucanas simbolizan que la LM. \u201cCasma\u201d es la tercera unidad naval chilena bautizada con este nombre, como tambi\u00e9n su antiguo nombre en la Marina de Israel \u201cRomach\u201d, que significa lanza.<\/p>\n\n\n\n<p>Bajo el lema \u201cSomos la fuerza\u201d las diferentes dotaciones de esta Unidad han inspirado su quehacer, en una historia que ha demostrado la entrega y sacrificio que han unido a diferentes generaciones de Servidores Navales, en resguardo de los altos&nbsp;intereses&nbsp;de la Patria.<\/p>\n","protected":false},"excerpt":{"rendered":"<p>El 08 de noviembre de 1979 en Israel, en una breve pero significativa ceremonia, se iz\u00f3 el pabell\u00f3n nacional en la LM 30 \u201cCasma\u201d, siendo la primera Lancha Misilera de&#8230; <a class=\"read-more\" href=\"https:\/\/www.radiopresidenteibanez.cl\/web\/41-anos-de-servicio-de-la-lancha-misilera-casma\/\">Leer m\u00e1s<\/a><\/p>\n","protected":false},"author":2,"featured_media":15825,"comment_status":"closed","ping_status":"closed","sticky":false,"template":"","format":"standard","meta":{"footnotes":""},"categories":[1],"tags":[],"class_list":["post-15824","post","type-post","status-publish","format-standard","has-post-thumbnail","hentry","category-cronica"],"_links":{"self":[{"href":"https:\/\/www.radiopresidenteibanez.cl\/web\/wp-json\/wp\/v2\/posts\/15824","targetHints":{"allow":["GET"]}}],"collection":[{"href":"https:\/\/www.radiopresidenteibanez.cl\/web\/wp-json\/wp\/v2\/posts"}],"about":[{"href":"https:\/\/www.radiopresidenteibanez.cl\/web\/wp-json\/wp\/v2\/types\/post"}],"author":[{"embeddable":true,"href":"https:\/\/www.radiopresidenteibanez.cl\/web\/wp-json\/wp\/v2\/users\/2"}],"replies":[{"embeddable":true,"href":"https:\/\/www.radiopresidenteibanez.cl\/web\/wp-json\/wp\/v2\/comments?post=15824"}],"version-history":[{"count":0,"href":"https:\/\/www.radiopresidenteibanez.cl\/web\/wp-json\/wp\/v2\/posts\/15824\/revisions"}],"wp:featuredmedia":[{"embeddable":true,"href":"https:\/\/www.radiopresidenteibanez.cl\/web\/wp-json\/wp\/v2\/media\/15825"}],"wp:attachment":[{"href":"https:\/\/www.radiopresidenteibanez.cl\/web\/wp-json\/wp\/v2\/media?parent=15824"}],"wp:term":[{"taxonomy":"category","embeddable":true,"href":"https:\/\/www.radiopresidenteibanez.cl\/web\/wp-json\/wp\/v2\/categories?post=15824"},{"taxonomy":"post_tag","embeddable":true,"href":"https:\/\/www.radiopresidenteibanez.cl\/web\/wp-json\/wp\/v2\/tags?post=15824"}],"curies":[{"name":"wp","href":"https:\/\/api.w.org\/{rel}","templated":true}]}}