{"id":15818,"date":"2020-11-09T03:00:54","date_gmt":"2020-11-09T03:00:54","guid":{"rendered":"https:\/\/www.radiopresidenteibanez.cl\/web\/?p=15818"},"modified":"2020-11-08T18:18:39","modified_gmt":"2020-11-08T18:18:39","slug":"ultimos-cupos-en-talleres-de-explora","status":"publish","type":"post","link":"https:\/\/www.radiopresidenteibanez.cl\/web\/ultimos-cupos-en-talleres-de-explora\/","title":{"rendered":"\u00daLTIMOS CUPOS EN TALLERES DE EXPLORA"},"content":{"rendered":"\n<p>Esta semana\ncomenzar\u00e1n las actividades del PAR Explora Magallanes enmarcadas en el Festival\nde la Ciencia (FECI)\u2013 ex Semana de la Ciencia y la Tecnolog\u00eda- que debido a la\ncontingencia sanitaria se celebrar\u00e1 de manera virtual en todo el pa\u00eds. El\nproyecto ejecutado por la Universidad de Magallanes y perteneciente al\nMinisterio de Ciencia, Tecnolog\u00eda, Conocimiento e Innovaci\u00f3n, cierra este lunes\nlas inscripciones para sus distintas iniciativas. <\/p>\n\n\n\n<p>Sin embargo,\na\u00fan quedan cupos para aquellos que deseen inscribirse. Una de las actividades\n\u201cExplorando en Casa\u201d, contar\u00e1 con cuatro talleres que abordan tem\u00e1ticas de\nbiodiversidad, Ant\u00e1rtica, biolog\u00eda marina y cultura sorda. <\/p>\n\n\n\n<p>\u00bfPodr\u00edas ser\ncapaz de diferenciar un castor, un chungungo o un coipo si te los encuentras en\nmedio de la naturaleza?, \u00bfSabes cu\u00e1ndo una especie es nativa, ex\u00f3tica o una\nex\u00f3tica e invasora? Estas y otras preguntas se responder\u00e1n este pr\u00f3ximo viernes\nen el taller denominado \u201cAprendiendo a proteger los bosques de la Patagonia.\u201d<\/p>\n\n\n\n<p>\u201cCon\nactividades como estas buscamos que la comunidad magall\u00e1nica se apropie de su\nentorno, que lo conozca, ya que de esta forma tambi\u00e9n aprende a protegerlo y\nconservarlo. En este taller en particular la finalidad es que las y los\nparticipantes aprendan de la fauna que tenemos en el territorio y c\u00f3mo algunas\nespecies introducidas -por ejemplo el castor- impactan significativamente\nnuestro ecosistema\u201d, explic\u00f3 Claudia Salinas, directora del PAR Explora\nMagallanes. <\/p>\n\n\n\n<p>\u201cUsaremos\nherramientas tecnol\u00f3gicas para la identificaci\u00f3n de fauna ex\u00f3tica y nativa\u201d,\nagreg\u00f3 Felipe Guerra del Proyecto GEF Castor y encargado del taller, que a\u00fan\ntiene cupos disponibles. <\/p>\n\n\n\n<p>Otro de los\ntalleres que todav\u00eda tiene vacantes es el de \u201cIlustraci\u00f3n cient\u00edfica: Aves\nmarinas\u201d, de Fundaci\u00f3n Mar y Ciencia. \u201cMigremos a la Ant\u00e1rtica\u201d, del Instituto\nAnt\u00e1rtico Chileno; y \u201cLengua de se\u00f1as y cultura sorda\u201d, a cargo de la\npsicopedagoga Valeria \u00c1lvarez Hern\u00e1ndez, tambi\u00e9n ser\u00e1n parte de \u201cExplorando en\nCasa\u201d pero ya cerraron sus inscripciones. <\/p>\n\n\n\n<p><strong>Programaci\u00f3n\ndel FECI en Magallanes <\/strong><\/p>\n\n\n\n<p>La semana de\nactividades se abrir\u00e1 este mi\u00e9rcoles a las 18:30 horas con el conversatorio\n\u201cCambio clim\u00e1tico en la macrozona austral: efectos en la cri\u00f3sfera\u201d, en un\ntrabajo colaborativo entre los PAR Ays\u00e9n y Magallanes, y la Seremi de Ciencias\nde la macrozona austral Pamela Santib\u00e1\u00f1ez. <\/p>\n\n\n\n<p>Otra de las\niniciativas llamativas es el cuentacuento titulado \u201cMe gusta pensar que todo es\nazul\u201d ideal para ni\u00f1os y ni\u00f1as entre 4 y 7 a\u00f1os, pero donde puede participar\ntoda la familia. El cuento ser\u00e1 desarrollado por la educadora y cuentera\nmagall\u00e1nica Jessica Carrasco, y contar\u00e1 con varias sorpresas para las y los m\u00e1s\npeque\u00f1os del hogar. <\/p>\n\n\n\n<p>Tambi\u00e9n habr\u00e1\nespacio para el arte y las ciencias el que se desarrollar\u00e1 a trav\u00e9s de cuatro podcasts\ndentro de la actividad \u201cEspacios de conocimiento\u201d, a cargo de Nicol\u00e1s Alejandro\nTrujillo Osorio, licenciado en Historia del Arte y master en Filosof\u00eda de la\nUniversidad Diego Portales. Adem\u00e1s, habr\u00e1 tutoriales sobre arte con metal\nreciclado, compostaje, hotel de insectos y un entretenido recorrido por las\ninstalaciones de Fundaci\u00f3n Gasco a trav\u00e9s de Gasco Educa. <\/p>\n\n\n\n<p>Programaci\u00f3n\ncompleta del FECI en Magallanes <a href=\"https:\/\/drive.google.com\/file\/d\/1yQdedqO8R51F0RuyT2uRde1_ydXAPBVb\/view\">aqu\u00ed<\/a>\no en <a href=\"http:\/\/www.explora.cl\/magallanes\">www.explora.cl\/magallanes<\/a>&nbsp; <\/p>\n","protected":false},"excerpt":{"rendered":"<p>Esta semana comenzar\u00e1n las actividades del PAR Explora Magallanes enmarcadas en el Festival de la Ciencia (FECI)\u2013 ex Semana de la Ciencia y la Tecnolog\u00eda- que debido a la contingencia&#8230; <a class=\"read-more\" href=\"https:\/\/www.radiopresidenteibanez.cl\/web\/ultimos-cupos-en-talleres-de-explora\/\">Leer m\u00e1s<\/a><\/p>\n","protected":false},"author":2,"featured_media":15819,"comment_status":"closed","ping_status":"closed","sticky":false,"template":"","format":"standard","meta":{"footnotes":""},"categories":[1],"tags":[],"class_list":["post-15818","post","type-post","status-publish","format-standard","has-post-thumbnail","hentry","category-cronica"],"_links":{"self":[{"href":"https:\/\/www.radiopresidenteibanez.cl\/web\/wp-json\/wp\/v2\/posts\/15818","targetHints":{"allow":["GET"]}}],"collection":[{"href":"https:\/\/www.radiopresidenteibanez.cl\/web\/wp-json\/wp\/v2\/posts"}],"about":[{"href":"https:\/\/www.radiopresidenteibanez.cl\/web\/wp-json\/wp\/v2\/types\/post"}],"author":[{"embeddable":true,"href":"https:\/\/www.radiopresidenteibanez.cl\/web\/wp-json\/wp\/v2\/users\/2"}],"replies":[{"embeddable":true,"href":"https:\/\/www.radiopresidenteibanez.cl\/web\/wp-json\/wp\/v2\/comments?post=15818"}],"version-history":[{"count":0,"href":"https:\/\/www.radiopresidenteibanez.cl\/web\/wp-json\/wp\/v2\/posts\/15818\/revisions"}],"wp:featuredmedia":[{"embeddable":true,"href":"https:\/\/www.radiopresidenteibanez.cl\/web\/wp-json\/wp\/v2\/media\/15819"}],"wp:attachment":[{"href":"https:\/\/www.radiopresidenteibanez.cl\/web\/wp-json\/wp\/v2\/media?parent=15818"}],"wp:term":[{"taxonomy":"category","embeddable":true,"href":"https:\/\/www.radiopresidenteibanez.cl\/web\/wp-json\/wp\/v2\/categories?post=15818"},{"taxonomy":"post_tag","embeddable":true,"href":"https:\/\/www.radiopresidenteibanez.cl\/web\/wp-json\/wp\/v2\/tags?post=15818"}],"curies":[{"name":"wp","href":"https:\/\/api.w.org\/{rel}","templated":true}]}}