{"id":15815,"date":"2020-11-08T18:16:26","date_gmt":"2020-11-08T18:16:26","guid":{"rendered":"https:\/\/www.radiopresidenteibanez.cl\/web\/?p=15815"},"modified":"2020-11-08T18:16:31","modified_gmt":"2020-11-08T18:16:31","slug":"ps-presenta-al-abogado-pablo-bussenius-para-dirigir-la-comuna-de-punta-arenas","status":"publish","type":"post","link":"https:\/\/www.radiopresidenteibanez.cl\/web\/ps-presenta-al-abogado-pablo-bussenius-para-dirigir-la-comuna-de-punta-arenas\/","title":{"rendered":"PS PRESENTA AL ABOGADO PABLO BUSSENIUS PARA DIRIGIR LA COMUNA DE PUNTA ARENAS"},"content":{"rendered":"\n<p>\u201cHonrado por la nominaci\u00f3n, asumo con mucha humildad este importante desaf\u00edo\u201d, dijo Pablo Bussenius, tras ser presentado por los m\u00e1ximos dirigentes del Partido Socialista de Magallanes.<\/p>\n\n\n\n<p>\u201cUno de los mensajes del plebiscito es que la gente quiere ser protagonista en la construcci\u00f3n de los procesos democr\u00e1ticos. Hay que escuchar ese mensaje y actuar en consecuencia. Las primarias abiertas son la prueba de fuego para ver si se entendi\u00f3\u201d, puntualiz\u00f3 &nbsp;Bussenius.<\/p>\n\n\n\n<p>La actividad realizada hoy en la \u201cCasa del Pueblo\u201d cont\u00f3 con la participaci\u00f3n de Vanja Rogosich, Presidenta Juventud Socialista; Juan Marco Henr\u00edquez, Presidente regional de la colectividad; y Marcos Ilnao, Presidente comunal.<\/p>\n\n\n\n<p>En la ocasi\u00f3n se destac\u00f3 que la candidatura fue lograda con el apoyo y consenso un\u00e1nime del Partido Socialista. \u201cEste es un proyecto colectivo y un proceso tremendamente participativo, con varios encuentros program\u00e1ticos, en el que definimos el ideal de gobierno comunal\u201d, asegur\u00f3&nbsp;Vanja Rogosich, Presidenta Juventud Socialista.<\/p>\n\n\n\n<p>A su vez precis\u00f3 que&nbsp;es de suma importancia que la o el candidato de oposici\u00f3n sea definido a trav\u00e9s de primarias abiertas. \u201cEs necesario que las fuerzas progresistas se pongan de acuerdo.&nbsp; No se trata de imponer si no de dar el espacio a la ciudadan\u00eda para que exprese lo quiere para su comuna\u201d.<\/p>\n\n\n\n<p>Por su parte, Marco Henr\u00edquez, explic\u00f3 que una vez finalizado el Plebiscito, el partido defini\u00f3 a todos sus candidatos e hizo un llamado a la oposici\u00f3n a mantenerse unida y trabajar por primarias abiertas.<\/p>\n\n\n\n<p><strong>Antecedentes<\/strong><\/p>\n\n\n\n<p>Pablo Bussenius, abogado de la Universidad de Chile, actualmente en el ejercicio de su profesi\u00f3n se dedica a la defensa de los trabajadores, las causas de derechos humanos, y ha destacado con fallos emblem\u00e1ticos en la comuna y a nivel nacional (gana la primera tutela laboral del pa\u00eds).<\/p>\n\n\n\n<p>Durante el segundo Gobierno de Bachelet fue seremi de Justicia y Derechos Humanos en la regi\u00f3n de Magallanes.<\/p>\n\n\n\n<p>Hoy, tambi\u00e9n es abogado colaborador del Instituto de Derechos Humanos. &nbsp;<\/p>\n","protected":false},"excerpt":{"rendered":"<p>\u201cHonrado por la nominaci\u00f3n, asumo con mucha humildad este importante desaf\u00edo\u201d, dijo Pablo Bussenius, tras ser presentado por los m\u00e1ximos dirigentes del Partido Socialista de Magallanes. \u201cUno de los mensajes&#8230; <a class=\"read-more\" href=\"https:\/\/www.radiopresidenteibanez.cl\/web\/ps-presenta-al-abogado-pablo-bussenius-para-dirigir-la-comuna-de-punta-arenas\/\">Leer m\u00e1s<\/a><\/p>\n","protected":false},"author":2,"featured_media":15816,"comment_status":"closed","ping_status":"closed","sticky":false,"template":"","format":"standard","meta":{"footnotes":""},"categories":[1],"tags":[],"class_list":["post-15815","post","type-post","status-publish","format-standard","has-post-thumbnail","hentry","category-cronica"],"_links":{"self":[{"href":"https:\/\/www.radiopresidenteibanez.cl\/web\/wp-json\/wp\/v2\/posts\/15815","targetHints":{"allow":["GET"]}}],"collection":[{"href":"https:\/\/www.radiopresidenteibanez.cl\/web\/wp-json\/wp\/v2\/posts"}],"about":[{"href":"https:\/\/www.radiopresidenteibanez.cl\/web\/wp-json\/wp\/v2\/types\/post"}],"author":[{"embeddable":true,"href":"https:\/\/www.radiopresidenteibanez.cl\/web\/wp-json\/wp\/v2\/users\/2"}],"replies":[{"embeddable":true,"href":"https:\/\/www.radiopresidenteibanez.cl\/web\/wp-json\/wp\/v2\/comments?post=15815"}],"version-history":[{"count":0,"href":"https:\/\/www.radiopresidenteibanez.cl\/web\/wp-json\/wp\/v2\/posts\/15815\/revisions"}],"wp:featuredmedia":[{"embeddable":true,"href":"https:\/\/www.radiopresidenteibanez.cl\/web\/wp-json\/wp\/v2\/media\/15816"}],"wp:attachment":[{"href":"https:\/\/www.radiopresidenteibanez.cl\/web\/wp-json\/wp\/v2\/media?parent=15815"}],"wp:term":[{"taxonomy":"category","embeddable":true,"href":"https:\/\/www.radiopresidenteibanez.cl\/web\/wp-json\/wp\/v2\/categories?post=15815"},{"taxonomy":"post_tag","embeddable":true,"href":"https:\/\/www.radiopresidenteibanez.cl\/web\/wp-json\/wp\/v2\/tags?post=15815"}],"curies":[{"name":"wp","href":"https:\/\/api.w.org\/{rel}","templated":true}]}}