{"id":15806,"date":"2020-11-07T19:35:47","date_gmt":"2020-11-07T19:35:47","guid":{"rendered":"https:\/\/www.radiopresidenteibanez.cl\/web\/?p=15806"},"modified":"2020-11-07T19:35:52","modified_gmt":"2020-11-07T19:35:52","slug":"decisiones-luego-del-triunfo-del-apruebo-por-ingrid-melipillan","status":"publish","type":"post","link":"https:\/\/www.radiopresidenteibanez.cl\/web\/decisiones-luego-del-triunfo-del-apruebo-por-ingrid-melipillan\/","title":{"rendered":"DECISIONES LUEGO DEL TRIUNFO DEL APRUEBO por Ingrid Melipill\u00e1n"},"content":{"rendered":"\n<p>La revuelta social, nos dej\u00f3\nentrever esa realidad oculta de este Chile exitista, nos revel\u00f3 esa dimensi\u00f3n\nde un pa\u00eds enrabiado, ahogado, por las injusticias y desigualdades vistas de\nmanera individual, que en un punto se hicieron comunes, colectivas, demandas\nsentidas por todos y todas, necesidades urgentes, que requer\u00edan respuesta. Un\nChile cansado de migajas, de un estado que no fue capaz de recoger en la agenda\np\u00fablica, estos aspectos, que fueron formando una oleada de realidades que\nbuscaban cambios profundos, transversales, no parches, no esa mirada\ncortoplacista, que finalmente se convierte en pan para hoy y hambre para\nma\u00f1ana. Todos y todas, reclaman dignidad y respeto.<\/p>\n\n\n\n<p>Luego del proceso vivido el 25\nde octubre de 2020, donde triunfa el Apruebo y se define que el \u00f3rgano\nconstituyente encargado de redactar una nueva Constituci\u00f3n Pol\u00edtica de Chile es\nla \u201cConvenci\u00f3n Constitucional\u201d, debemos volver a pensar en elegir, y no solo a\nquienes nos representar\u00e1n en la redacci\u00f3n, sino tambi\u00e9n a quienes nos\nrepresentar\u00e1n en espacios de toma de decisi\u00f3n de nuestro territorio, Gobiernos\nLocales, Alcaldes y Concejales; y por primera vez Gobernadores Regionales. <\/p>\n\n\n\n<p>Desde aqu\u00ed surgen nuevamente mis\ninterrogantes, c\u00f3mo los partidos pol\u00edticos haremos frente a estos desaf\u00edos, d\u00f3nde\nnos situaremos, qu\u00e9 camino seguiremos, pensando, adem\u00e1s, que el desgaste propio\nde las estructuras partidarias est\u00e1 haciendo agua en este periodo, donde la\nciudadan\u00eda no se identifica con sus postulados, porque falta renovaci\u00f3n,\nrecuperar confianzas, escuchar lo que demanda el pueblo. Hemos estado\nsumergidos en nuestras burbujas de poder, y hemos olvidado nuestro rol, ese que\npor naturaleza debemos asumir, nos hemos alejado del territorio, de las bases,\neso es lo que hoy nos reclaman, y es por lo cual nos castiga la ciudadan\u00eda, si\nbien hay partidos mas golpeados con esta verdad que otros, no podemos\ndesconocer que este es un grito, una exigencia a la clase pol\u00edtica, que ha\nconsumido el poder para si mismos, y no han servido al bien com\u00fan.&nbsp; <\/p>\n\n\n\n<p>Por ello, debemos ser capaces\nde identificar, de decidir, desde d\u00f3nde nos posicionamos en este nuevo contexto,\nqu\u00e9 queremos construir y aportar, hac\u00eda donde vamos. Estas preguntas que surgen\ncon fuerza, cuando estamos ad-portas de procesos eleccionarios que marcar\u00e1n el\nrumbo de nuestra sociedad. Nos hacemos cargo de estas elecciones, con todo el\ndesgaste interno, y nuestra propia miseria no tratada, o vendamos nuestros ojos\ny llenamos todos los cupos para tener candidat@s en los comicios, sin importar\nsi cumplen con el perfil requerido, sin un proyecto claro, colectivo. <\/p>\n\n\n\n<p>Nuestra responsabilidad\npol\u00edtica, es volcar nuestra fuerza al territorio, recuperar las confianzas, el\nsentido de pertenencia, los valores que abrazamos, y entregarlos a la\nciudadan\u00eda, no con un sentido meramente electoral, debemos ofrecer proyectos pol\u00edticos-sociales\ncolectivos, que nazcan y tengan sentido para las personas, propuestas de\nmediano y largo plazo, que proyecten presente y futuro, que entreguen certezas,\nno humo, debemos ofrecer compromiso y responsabilidad, no individualidades y\ncaudillismos. Se vienen procesos importantes, a pasos agigantados, es por ello\nque aparecen tambi\u00e9n los lobos con piel de oveja disfrazando su hambre de\npoder, debemos ser cautos, y no pensar que l@s votantes no son capaces de\ndiferenciarlos. <\/p>\n\n\n\n<p>El 29 de noviembre se viene el primer desaf\u00edo, las\nprimarias para gobernador regional, les invito a informarse, participar y votar\nen conciencia. <\/p>\n\n\n\n<p>Hasta que la dignidad se haga\ncostumbre, por un Chile paritario, plurinacional, descentralizado territorialmente,\ncon mujeres y hombres capaces de derribar la injusticia y la inequidad, donde\ntodas y todos, nos sintamos parte. <\/p>\n\n\n\n<p>Ingrid Melipill\u00e1n Mu\u00f1oz<\/p>\n\n\n\n<p>Trabajadora Social<\/p>\n\n\n\n<p>Colectivo Vanguardia\nComunitaria<\/p>\n","protected":false},"excerpt":{"rendered":"<p>La revuelta social, nos dej\u00f3 entrever esa realidad oculta de este Chile exitista, nos revel\u00f3 esa dimensi\u00f3n de un pa\u00eds enrabiado, ahogado, por las injusticias y desigualdades vistas de manera&#8230; <a class=\"read-more\" href=\"https:\/\/www.radiopresidenteibanez.cl\/web\/decisiones-luego-del-triunfo-del-apruebo-por-ingrid-melipillan\/\">Leer m\u00e1s<\/a><\/p>\n","protected":false},"author":2,"featured_media":14717,"comment_status":"closed","ping_status":"closed","sticky":false,"template":"","format":"standard","meta":{"footnotes":""},"categories":[1],"tags":[],"class_list":["post-15806","post","type-post","status-publish","format-standard","has-post-thumbnail","hentry","category-cronica"],"_links":{"self":[{"href":"https:\/\/www.radiopresidenteibanez.cl\/web\/wp-json\/wp\/v2\/posts\/15806","targetHints":{"allow":["GET"]}}],"collection":[{"href":"https:\/\/www.radiopresidenteibanez.cl\/web\/wp-json\/wp\/v2\/posts"}],"about":[{"href":"https:\/\/www.radiopresidenteibanez.cl\/web\/wp-json\/wp\/v2\/types\/post"}],"author":[{"embeddable":true,"href":"https:\/\/www.radiopresidenteibanez.cl\/web\/wp-json\/wp\/v2\/users\/2"}],"replies":[{"embeddable":true,"href":"https:\/\/www.radiopresidenteibanez.cl\/web\/wp-json\/wp\/v2\/comments?post=15806"}],"version-history":[{"count":0,"href":"https:\/\/www.radiopresidenteibanez.cl\/web\/wp-json\/wp\/v2\/posts\/15806\/revisions"}],"wp:featuredmedia":[{"embeddable":true,"href":"https:\/\/www.radiopresidenteibanez.cl\/web\/wp-json\/wp\/v2\/media\/14717"}],"wp:attachment":[{"href":"https:\/\/www.radiopresidenteibanez.cl\/web\/wp-json\/wp\/v2\/media?parent=15806"}],"wp:term":[{"taxonomy":"category","embeddable":true,"href":"https:\/\/www.radiopresidenteibanez.cl\/web\/wp-json\/wp\/v2\/categories?post=15806"},{"taxonomy":"post_tag","embeddable":true,"href":"https:\/\/www.radiopresidenteibanez.cl\/web\/wp-json\/wp\/v2\/tags?post=15806"}],"curies":[{"name":"wp","href":"https:\/\/api.w.org\/{rel}","templated":true}]}}