{"id":15800,"date":"2020-11-07T19:30:13","date_gmt":"2020-11-07T19:30:13","guid":{"rendered":"https:\/\/www.radiopresidenteibanez.cl\/web\/?p=15800"},"modified":"2020-11-07T19:30:18","modified_gmt":"2020-11-07T19:30:18","slug":"todo-el-sector-turismo-y-comercio-de-magallanes-unido-en-una-sola-voz-para-visibilizar-la-dramatica-situacion-que-viven-en-tiempos-de-pandemia","status":"publish","type":"post","link":"https:\/\/www.radiopresidenteibanez.cl\/web\/todo-el-sector-turismo-y-comercio-de-magallanes-unido-en-una-sola-voz-para-visibilizar-la-dramatica-situacion-que-viven-en-tiempos-de-pandemia\/","title":{"rendered":"TODO EL SECTOR TURISMO Y COMERCIO DE MAGALLANES UNIDO EN UNA SOLA VOZ PARA VISIBILIZAR LA DRAM\u00c1TICA SITUACI\u00d3N QUE VIVEN EN TIEMPOS DE PANDEMIA"},"content":{"rendered":"\n<p>El\nsector turismo en la regi\u00f3n de Magallanes, representa el 10% del PIB regional,\nmuy por encima del 3,5% a nivel nacional. Es por lo tanto una actividad muy\nrelevante, la cual da empleo directo e indirecto a 18.000 personas,\ndistribuidas en los rubros de hoteler\u00eda, transporte, agencias de viaje y tour\noperadores, gastronom\u00eda, artesan\u00eda, comercio, gu\u00edas de turismo y la gran\ncantidad de proveedores que dan sustento a todas estas actividades.<\/p>\n\n\n\n<p>Durante\nla semana reci\u00e9n pasada, todo el sector se uni\u00f3 en una sola voz y se\norganizaron una serie de actividades, con el objeto de mostrar a trav\u00e9s de las\nredes sociales y tambi\u00e9n presencialmente, que despu\u00e9s de 8 meses paralizados,\nhan tocado fondo y necesitan rescate financiero urgente y la opci\u00f3n de volver a\ntrabajar para poder sobrevivir.<\/p>\n\n\n\n<p>El d\u00eda\nlunes, se inici\u00f3 una intensa campa\u00f1a de comunicaci\u00f3n a trav\u00e9s de las redes\nsociales, con gr\u00e1ficas y conceptos alusivos a estas solicitudes, lo que\ncontinu\u00f3 con activaciones de los rubros gastron\u00f3mico, alojamiento, conercio y\nartesan\u00eda. Cada d\u00eda y en forma ordenada, pac\u00edfica y organizada, los due\u00f1os y\ntrabajadores de la industria del turismo, sacaron mesas y sillas a la calle,\nlos hoteles pusieron banderas negras y magall\u00e1nicas en sus establecimientos y\nel comercio y la artesan\u00eda se ti\u00f1eron de luto, compartiendo estos mensajes en\nse\u00f1al de auxilio.<\/p>\n\n\n\n<p>La Presidenta\nde la C\u00e1mara de Turismo de Ultima Esperanza, Pilar Irribara, es enf\u00e1tica en\ndecir \u201cllevamos 8 meses paralizados que se han hecho interminables, nuestras temporadas\nson muy cortas, de octubre a marzo, y una vez terminan se nos viene un largo\ninvierno, es por eso que para subsistir y mantener nuestra industria viva, hoy\nnecesitamos trabajar. Tenemos la esperanza de poder recibir vuelos de Sky y\nJetsmart directamente en Puerto Natales a partir del mes diciembre, pero para\neso necesitamos abrir el Parque Nacional Torres del Paine y terminar con la\ncuarentena que hoy nos impide trabajar. Todo en forma gradual, tomando en\ncuenta todos los protocolos y medidas sanitarias necesarias\u201d. <\/p>\n\n\n\n<p>Por su\nparte, la Gerente de la Asociaci\u00f3n de Hoteles y Servicios Tur\u00edsticos de Torres\ndel Paine, Andrea T\u00e9llez, indic\u00f3 que \u201clo que buscamos es visibilizar esta\nproblem\u00e1tica a nivel nacional, para que al turismo de la Patagonia, se le de la\nimportancia que tiene para nuestra regi\u00f3n y el pa\u00eds entero. Muchas familias\ndependen del turismo y est\u00e1 en peligro su fuente laboral. Anualmente recibimos\nuna serie de premios internacionales gracias a ellos y las empresas donde\ntrabajan, y eso es gracias a muchos a\u00f1os de esfuerzo de un sector que hoy est\u00e1\nen problemas y que necesita un rescate financiero. No estamos pidiendo\nsubsidios, sino postergaci\u00f3n de cr\u00e9ditos hasta que podamos retomar la\nactividad. Para el Estado, esto es una inversi\u00f3n y tampoco podemos permitir que\nlos a\u00f1os de promoci\u00f3n de la Patagonia se pierdan despu\u00e9s de tantos a\u00f1os de\ntrabajo\u201d.<\/p>\n\n\n\n<p>Hoy,\ntodas estas actividades culminaron con una caravana transversal y familiar, que\ncongreg\u00f3 a m\u00e1s de 1.000 veh\u00edculos en las ciudades de Punta Arenas y Puerto\nNatales. Fue una movilizaci\u00f3n ordenada y pac\u00edfica, con recomendaciones\nsanitarias y de seguridad: caravana s\u00f3lo en veh\u00edculo, cumpliendo protocolos\nsanitarios vigentes, siempre con mascarilla, cuidando el entorno y sin dejar\nresiduos en las calles. <\/p>\n\n\n\n<p>El\nPresidente de la Agrupaci\u00f3n de Transportistas de la Provincia de \u00daltima\nEsperanza, Claudio Mancilla, se\u00f1al\u00f3 que \u201cestamos muy contentos por la\nconvocatoria que logramos, ver el apoyo transversal de la comunidad en una\nactivida bonita y pac\u00edfica, con un hermoso d\u00edas. Somos 150 due\u00f1os de empresas\nde transporte y contamos con m\u00e1s de 200 conductores que estamos sin trabajo\ndesde marzo y lamentablemente las ayudas del gobierno han sido casi nulas,\nestamos obligados a trabajar para vivir , por eso estamos aqu\u00ed\u201d.<\/p>\n\n\n\n<p>En la\nregi\u00f3n de Magallanes hay alrededor de 600 gu\u00edas de turismo que trabajan para\nesta actividad, muchos de ellos altamente capacitados y con muchos a\u00f1os de\ntrayectoria. El Presidente de la Asociaci\u00f3n de Gu\u00edas de Puerto Natales se\u00f1ala\nque \u201crealmente estamos muy preocupados, porque por mucho que empiece la\nreactivaci\u00f3n, seguramente no vamos a tener trabajo en un a\u00f1o y medio y quiz\u00e1s 3\na\u00f1os m\u00e1s, y de esa forma no vamos a poder alimentar a nuestras familias\u201d.<\/p>\n\n\n\n<p>Por su\nparte, Jaime Jelincic, Presidente del Gremio Gastron\u00f3mico de Punta Arenas,\nindic\u00f3 \u201cEstamos siendo obligados a solicitar la apertura de nuestros locales,\nproducto de que las ayudas del gobierno han sido insuficientes. En un escenario\nde cierre absoluto es imposible seguir manteniendo estos negocios. La gente que\ntrabaja con nosotros est\u00e1 muy afectada recibiendo s\u00f3lo la mitad de sus ingresos\ny se hace imperativo buscar una soluci\u00f3n. Estamos dispuestos a trabajar con los\nm\u00e1s altos est\u00e1ndares sanitarios para buscar un mecanismo que permita atender\ncon seguridad a nuestros clientes, concluy\u00f3.<\/p>\n","protected":false},"excerpt":{"rendered":"<p>El sector turismo en la regi\u00f3n de Magallanes, representa el 10% del PIB regional, muy por encima del 3,5% a nivel nacional. Es por lo tanto una actividad muy relevante,&#8230; <a class=\"read-more\" href=\"https:\/\/www.radiopresidenteibanez.cl\/web\/todo-el-sector-turismo-y-comercio-de-magallanes-unido-en-una-sola-voz-para-visibilizar-la-dramatica-situacion-que-viven-en-tiempos-de-pandemia\/\">Leer m\u00e1s<\/a><\/p>\n","protected":false},"author":2,"featured_media":15801,"comment_status":"closed","ping_status":"closed","sticky":false,"template":"","format":"standard","meta":{"footnotes":""},"categories":[1],"tags":[],"class_list":["post-15800","post","type-post","status-publish","format-standard","has-post-thumbnail","hentry","category-cronica"],"_links":{"self":[{"href":"https:\/\/www.radiopresidenteibanez.cl\/web\/wp-json\/wp\/v2\/posts\/15800","targetHints":{"allow":["GET"]}}],"collection":[{"href":"https:\/\/www.radiopresidenteibanez.cl\/web\/wp-json\/wp\/v2\/posts"}],"about":[{"href":"https:\/\/www.radiopresidenteibanez.cl\/web\/wp-json\/wp\/v2\/types\/post"}],"author":[{"embeddable":true,"href":"https:\/\/www.radiopresidenteibanez.cl\/web\/wp-json\/wp\/v2\/users\/2"}],"replies":[{"embeddable":true,"href":"https:\/\/www.radiopresidenteibanez.cl\/web\/wp-json\/wp\/v2\/comments?post=15800"}],"version-history":[{"count":0,"href":"https:\/\/www.radiopresidenteibanez.cl\/web\/wp-json\/wp\/v2\/posts\/15800\/revisions"}],"wp:featuredmedia":[{"embeddable":true,"href":"https:\/\/www.radiopresidenteibanez.cl\/web\/wp-json\/wp\/v2\/media\/15801"}],"wp:attachment":[{"href":"https:\/\/www.radiopresidenteibanez.cl\/web\/wp-json\/wp\/v2\/media?parent=15800"}],"wp:term":[{"taxonomy":"category","embeddable":true,"href":"https:\/\/www.radiopresidenteibanez.cl\/web\/wp-json\/wp\/v2\/categories?post=15800"},{"taxonomy":"post_tag","embeddable":true,"href":"https:\/\/www.radiopresidenteibanez.cl\/web\/wp-json\/wp\/v2\/tags?post=15800"}],"curies":[{"name":"wp","href":"https:\/\/api.w.org\/{rel}","templated":true}]}}