{"id":15790,"date":"2020-11-07T03:03:44","date_gmt":"2020-11-07T03:03:44","guid":{"rendered":"https:\/\/www.radiopresidenteibanez.cl\/web\/?p=15790"},"modified":"2020-11-06T19:51:18","modified_gmt":"2020-11-06T19:51:18","slug":"amumag-firma-convenio-de-cooperacion-tecnica-con-sence-magallanes","status":"publish","type":"post","link":"https:\/\/www.radiopresidenteibanez.cl\/web\/amumag-firma-convenio-de-cooperacion-tecnica-con-sence-magallanes\/","title":{"rendered":"AMUMAG FIRMA CONVENIO DE COOPERACI\u00d3N T\u00c9CNICA CON SENCE MAGALLANES"},"content":{"rendered":"\n<p>Con el fin de entregar nuevas opciones a los\ntrabajadores magall\u00e1nicos, las municipalidades de la regi\u00f3n agrupadas en la\nAsociaci\u00f3n Regional de Municipalidades de Magallanes (AMUMAG), firmaron un\nconvenio de asociaci\u00f3n con el Servicio Nacional de Capacitaci\u00f3n y Empleo (Sence).<\/p>\n\n\n\n<p>El acuerdo consiste en entregar ofertas program\u00e1ticas\nde cursos y beneficios adicionales, destacando el otorgamiento de subsidios a\nempresas para contratar a nuevos trabajadores y suspendidos.<\/p>\n\n\n\n<p>El presidente de AMUMAG, Fernando Paredes Mansilla, agradeci\u00f3\ny valor\u00f3 la creaci\u00f3n de este convenio, \u201ccolocar la institucionalidad p\u00fablica,\nla oferta de una instituci\u00f3n tan importante como el Sence al servicio de la\nregi\u00f3n y al servicio de los municipios, permite entregar un oferta de cursos de\ncapacitaci\u00f3n que obviamente la recibimos de muy buena manera. Con esto nos va a\npermitir facilitar ese contacto que los municipios tienen en su territorio con\ndistintas organizaciones e instituciones\u201d.<\/p>\n\n\n\n<p>&nbsp;Adem\u00e1s, el edil\nde Natales, se\u00f1al\u00f3 que hoy m\u00e1s que nunca es necesario realizar alianzas de este\ntipo. \u201cVamos a trabajar en conjunto en temas tan importantes como el subsidio\nal empleo que es una tem\u00e1tica que claramente est\u00e1 preocupando mucho a la\ncomunidad, y no solamente a Natales sino m\u00e1s bien a cada una de las comunas de\nnuestra regi\u00f3n\u201d.<\/p>\n\n\n\n<p>Enrique Hern\u00e1ndez Pino, director regional del Sence,\nse mostr\u00f3 contento y destac\u00f3 que \u201cesperamos poder sacar el m\u00e1ximo de provecho a\nesta relaci\u00f3n mutua en el relacionamiento con las Oficinas de Municipales de Intermediaci\u00f3n\nLaboral, sumando todo lo que nosotros como Sence podamos ofrecer\u201d.<\/p>\n\n\n\n<p>Finalmente, desde el Sence manifestaron que producto\nde la pandemia tuvieron que adaptarse y transformar todos los cursos que ten\u00edan\npreparados para este a\u00f1o. \u201cEsperamos seguir incrementando esta oferta\nprogram\u00e1tica de cursos online, espec\u00edficamente ac\u00e1 en Puerto Natales para que la\ngente pueda capacitarse y adquirir nuevas competencias\u201d.<\/p>\n\n\n\n<p>Dentro de los cursos y planes formativos disponibles\nse encuentra la formulaci\u00f3n de proyectos de microemprendimientos, gesti\u00f3n de\nemprendimientos, marketing para negocios y administraci\u00f3n y finanzas.<\/p>\n","protected":false},"excerpt":{"rendered":"<p>Con el fin de entregar nuevas opciones a los trabajadores magall\u00e1nicos, las municipalidades de la regi\u00f3n agrupadas en la Asociaci\u00f3n Regional de Municipalidades de Magallanes (AMUMAG), firmaron un convenio de&#8230; <a class=\"read-more\" href=\"https:\/\/www.radiopresidenteibanez.cl\/web\/amumag-firma-convenio-de-cooperacion-tecnica-con-sence-magallanes\/\">Leer m\u00e1s<\/a><\/p>\n","protected":false},"author":2,"featured_media":15791,"comment_status":"closed","ping_status":"closed","sticky":false,"template":"","format":"standard","meta":{"footnotes":""},"categories":[1],"tags":[],"class_list":["post-15790","post","type-post","status-publish","format-standard","has-post-thumbnail","hentry","category-cronica"],"_links":{"self":[{"href":"https:\/\/www.radiopresidenteibanez.cl\/web\/wp-json\/wp\/v2\/posts\/15790","targetHints":{"allow":["GET"]}}],"collection":[{"href":"https:\/\/www.radiopresidenteibanez.cl\/web\/wp-json\/wp\/v2\/posts"}],"about":[{"href":"https:\/\/www.radiopresidenteibanez.cl\/web\/wp-json\/wp\/v2\/types\/post"}],"author":[{"embeddable":true,"href":"https:\/\/www.radiopresidenteibanez.cl\/web\/wp-json\/wp\/v2\/users\/2"}],"replies":[{"embeddable":true,"href":"https:\/\/www.radiopresidenteibanez.cl\/web\/wp-json\/wp\/v2\/comments?post=15790"}],"version-history":[{"count":0,"href":"https:\/\/www.radiopresidenteibanez.cl\/web\/wp-json\/wp\/v2\/posts\/15790\/revisions"}],"wp:featuredmedia":[{"embeddable":true,"href":"https:\/\/www.radiopresidenteibanez.cl\/web\/wp-json\/wp\/v2\/media\/15791"}],"wp:attachment":[{"href":"https:\/\/www.radiopresidenteibanez.cl\/web\/wp-json\/wp\/v2\/media?parent=15790"}],"wp:term":[{"taxonomy":"category","embeddable":true,"href":"https:\/\/www.radiopresidenteibanez.cl\/web\/wp-json\/wp\/v2\/categories?post=15790"},{"taxonomy":"post_tag","embeddable":true,"href":"https:\/\/www.radiopresidenteibanez.cl\/web\/wp-json\/wp\/v2\/tags?post=15790"}],"curies":[{"name":"wp","href":"https:\/\/api.w.org\/{rel}","templated":true}]}}