{"id":15786,"date":"2020-11-07T03:02:31","date_gmt":"2020-11-07T03:02:31","guid":{"rendered":"https:\/\/www.radiopresidenteibanez.cl\/web\/?p=15786"},"modified":"2020-11-06T19:03:40","modified_gmt":"2020-11-06T19:03:40","slug":"inia-y-fosis-firman-convenio-para-apoyar-a-las-familias-mas-vulnerables-con-invernaderos-y-asistencia-tecnica","status":"publish","type":"post","link":"https:\/\/www.radiopresidenteibanez.cl\/web\/inia-y-fosis-firman-convenio-para-apoyar-a-las-familias-mas-vulnerables-con-invernaderos-y-asistencia-tecnica\/","title":{"rendered":"INIA Y FOSIS FIRMAN CONVENIO PARA APOYAR A LAS FAMILIAS M\u00c1S VULNERABLES CON INVERNADEROS Y ASISTENCIA T\u00c9CNICA"},"content":{"rendered":"\n<p>Promover el desarrollo de la agricultura urbana\nlocal, a trav\u00e9s de la capacitaci\u00f3n en cultivos hort\u00edcolas, como herramienta\nestrat\u00e9gica para asegurar la seguridad alimentaria de 200 familias m\u00e1s\nvulnerables de las comunas de Punta Arenas, Natales y Porvenir, es el objetivo\nque el Instituto de Investigaciones Agropecuarias (INIA), ha propuesto al Gobierno\nRegional, quien aprob\u00f3 dicha iniciativa.<\/p>\n\n\n\n<p>El financiamiento\npermitir\u00e1 la adquisici\u00f3n e implementaci\u00f3n de 200 invernaderos e insumos\ncomplementarios y la transferencia t\u00e9cnica de horticultura b\u00e1sica a las familias\nbeneficiadas, para que puedan cultivar hortalizas en sus hogares, por un\nperiodo de 12 meses.<\/p>\n\n\n\n<p>Para focalizar el\np\u00fablico objetivo, es que el INIA, por medio de su Director Regional, Francisco\nSales, firm\u00f3 un convenio de colaboraci\u00f3n con el Fondo de Solidaridad e\nInversi\u00f3n Social, FOSIS, servicio relacionado al Ministerio de Desarrollo\nSocial y Familia.<\/p>\n\n\n\n<p>\u201cAgradecemos esta alianza, que lidera\nINIA, y que nos va a permitir apoyar y fortalecer el trabajo de decenas de\nfamilias que han participado del programa Autoconsumo, que impulsa nuestro\nMinisterio de Desarrollo Social y Familia, y que tiene por objetivo entregar\nherramientas y propiciar tecnolog\u00edas en invernaderos u otras t\u00e9cnicas de\ncultivo para que puedan, por una parte, generar la autoprovisi\u00f3n de sus\nalimentos, y tambi\u00e9n, en una parte, poder llegar a comercializarlos\u201d, se\u00f1al\u00f3 el\nDirector Regional del FOSIS, Hern\u00e1n Soto.<\/p>\n\n\n\n<p>La investigadora del INIA Kampenaike, Claudia\nMc Leod, explic\u00f3 que \u201ceste convenio se enmarca dentro de una ampliaci\u00f3n de\npresupuesto que solicitamos al Gobierno Regional para nuestro Programa de \u201cCapacitaci\u00f3n\nen t\u00e9cnicas de horticultura sustentable\u201d, el cual nos permite aumentar el\nnumero de beneficiarios y poder llegar de esta forma a familias del &nbsp;sector urbano, apoy\u00e1ndolas para desarrollar\nuna agricultura urbana. Estamos confiados que, apoyados por el FOSIS y las\nMunicipalidades, esta\niniciativa ser\u00e1 una buena manera de aportar a las familias que se han visto m\u00e1s\nafectadas, producto de las consecuencias de la pandemia, que han visto\ndisminuido sus ingresos y\/o han perdido el trabajo\u201d.<\/p>\n\n\n\n<p>Por su parte, la Secretaria Regional\nMinisterial de Desarrollo Social y Familia, Liz Casanueva, valor\u00f3 esta\ninstancia de apoyo colaborativo. \u201cSabemos que en la regi\u00f3n tenemos las cifras\nm\u00e1s altas de obesidad, as\u00ed que siempre son bienvenidas cada una de las\niniciativas que se manifiestan desde distintas instituciones para poder\npotenciar la alimentaci\u00f3n saludable. El Sistema Elige Vivir Sano, que depende\nde nuestro Ministerio de Desarrollo Social y Familia, trabaja con diversos\nservicios y programas para articular acciones que promuevan estilos de vida\nsaludables. Por ello, valoramos este compromiso de colaboraci\u00f3n ente INIA y\nFOSIS, donde los hogares recibir\u00e1n conocimientos y herramientas para impulsar\nla producci\u00f3n sostenible de alimentos y el consumo de frutas y verduras\u201d,\nmanifest\u00f3 la autoridad.<\/p>\n","protected":false},"excerpt":{"rendered":"<p>Promover el desarrollo de la agricultura urbana local, a trav\u00e9s de la capacitaci\u00f3n en cultivos hort\u00edcolas, como herramienta estrat\u00e9gica para asegurar la seguridad alimentaria de 200 familias m\u00e1s vulnerables de&#8230; <a class=\"read-more\" href=\"https:\/\/www.radiopresidenteibanez.cl\/web\/inia-y-fosis-firman-convenio-para-apoyar-a-las-familias-mas-vulnerables-con-invernaderos-y-asistencia-tecnica\/\">Leer m\u00e1s<\/a><\/p>\n","protected":false},"author":2,"featured_media":15787,"comment_status":"closed","ping_status":"closed","sticky":false,"template":"","format":"standard","meta":{"footnotes":""},"categories":[1],"tags":[],"class_list":["post-15786","post","type-post","status-publish","format-standard","has-post-thumbnail","hentry","category-cronica"],"_links":{"self":[{"href":"https:\/\/www.radiopresidenteibanez.cl\/web\/wp-json\/wp\/v2\/posts\/15786","targetHints":{"allow":["GET"]}}],"collection":[{"href":"https:\/\/www.radiopresidenteibanez.cl\/web\/wp-json\/wp\/v2\/posts"}],"about":[{"href":"https:\/\/www.radiopresidenteibanez.cl\/web\/wp-json\/wp\/v2\/types\/post"}],"author":[{"embeddable":true,"href":"https:\/\/www.radiopresidenteibanez.cl\/web\/wp-json\/wp\/v2\/users\/2"}],"replies":[{"embeddable":true,"href":"https:\/\/www.radiopresidenteibanez.cl\/web\/wp-json\/wp\/v2\/comments?post=15786"}],"version-history":[{"count":0,"href":"https:\/\/www.radiopresidenteibanez.cl\/web\/wp-json\/wp\/v2\/posts\/15786\/revisions"}],"wp:featuredmedia":[{"embeddable":true,"href":"https:\/\/www.radiopresidenteibanez.cl\/web\/wp-json\/wp\/v2\/media\/15787"}],"wp:attachment":[{"href":"https:\/\/www.radiopresidenteibanez.cl\/web\/wp-json\/wp\/v2\/media?parent=15786"}],"wp:term":[{"taxonomy":"category","embeddable":true,"href":"https:\/\/www.radiopresidenteibanez.cl\/web\/wp-json\/wp\/v2\/categories?post=15786"},{"taxonomy":"post_tag","embeddable":true,"href":"https:\/\/www.radiopresidenteibanez.cl\/web\/wp-json\/wp\/v2\/tags?post=15786"}],"curies":[{"name":"wp","href":"https:\/\/api.w.org\/{rel}","templated":true}]}}