{"id":15783,"date":"2020-11-07T02:01:51","date_gmt":"2020-11-07T02:01:51","guid":{"rendered":"https:\/\/www.radiopresidenteibanez.cl\/web\/?p=15783"},"modified":"2020-11-06T19:00:15","modified_gmt":"2020-11-06T19:00:15","slug":"nuevo-cesfam-thomas-fenton-tiene-fecha-para-marzo-del-2022","status":"publish","type":"post","link":"https:\/\/www.radiopresidenteibanez.cl\/web\/nuevo-cesfam-thomas-fenton-tiene-fecha-para-marzo-del-2022\/","title":{"rendered":"NUEVO CESFAM THOMAS FENTON TIENE FECHA PARA MARZO DEL 2022"},"content":{"rendered":"\n<p>Hasta Las Naciones, espec\u00edficamente a calle Suiza, llegaron la Intendenta Jennifer Rojas, el Alcalde Claudio Radonich y la jefa del \u00c1rea de Salud Municipal, Rosa Bidart, para ver en terreno el inicio de las obras de lo que ser\u00e1 el nuevo Centro de Salud Familiar, Dr. Thomas Fenton.<\/p>\n\n\n\n<p>La construcci\u00f3n, cuya inversi\u00f3n bordea los 4 mil millones de pesos, triplica la superficie del actual recinto, alcanzando los 2 mil 300 metros cuadrados e incorporando un est\u00e1ndar mucho mejor, tanto para los funcionarios como para los vecinos del sector.<\/p>\n\n\n\n<p>En ese sentido, el Alcalde Claudio Radonich, agradeci\u00f3 el trabajo conjunto que se ha realizado para poder concretar esta obra, destacando los recursos aprobados por el Consejo Regional de Magallanes. \u201cEstamos muy agradecidos del Consejo Regional, por esta gran inversi\u00f3n que permitir\u00e1 actualizar y normalizar todos los Centros de Salud Familiar dependientes de la Corporaci\u00f3n Municipal, algo que era absolutamente necesario, dado que se atienden cerca de 100 mil vecinos de Punta Arenas en estos recintos, con grandes profesionales y colaboradores, por lo que estamos contentos de poder contar con nueva infraestructura, comenzando los trabajos en lo que ser\u00e1 el nuevo CESFAM Thomas Fenton\u201d.<\/p>\n\n\n\n<p>De igual forma, la primera autoridad de la Regi\u00f3n, Jennifer Rojas, agreg\u00f3 que \u201cefectivamente, comenzamos con el CESFAM Thomas Fenton, donde ser\u00e1n m\u00e1s de 12 mil vecinos los beneficiados, lo cual se suma a los trabajos del Consultorio 18 de septiembre y Damianovic, algo que sin duda es una tremenda noticia que permitir\u00e1 mejorar la atenci\u00f3n primaria de salud, y que adem\u00e1s significa reactivar la econom\u00eda local entregando empleo a quienes lo est\u00e1n pasando mal producto de la pandemia\u201d.<\/p>\n\n\n\n<p>Por otra parte, Rosa Bidart, jefa del \u00c1rea de Salud Municipal, expres\u00f3 que \u201ceste es un anhelo de muchos a\u00f1os, y que hemos tratado de sacar adelante durante estos tres a\u00f1os de gesti\u00f3n, por lo que estamos muy contentos de ver que se est\u00e1 construyendo este nuevo CESFAM Fenton. Para m\u00ed, como jefa de \u00e1rea, es un sentimiento de alegr\u00eda y felicidad\u201d.<\/p>\n\n\n\n<p>Asimismo, Bidart agreg\u00f3 que \u201ctodo esto se suma a los trabajos que empezaremos a realizar para la construcci\u00f3n del nuevo CESFAM 18 de septiembre, para lo que debemos trasladarnos a instalaciones provisorias en el Liceo Mar\u00eda Behety, lo que tardar\u00e1 cerca de dos a\u00f1os. Igualmente, deben empezar las obras de ampliaci\u00f3n del CECOSF de R\u00edo Seco, y tambi\u00e9n debemos concretar el proyecto para el nuevo Mateo Bencur, sumando a ello la finalizaci\u00f3n de lo que es el SAR Damianovic, obras que deben retomarse a finales de este a\u00f1o\u201d.<\/p>\n\n\n\n<p>Finalmente, las autoridades reiteraron que las obras del nuevo CESFAM Thomas Fenton, debiesen estar entregadas en el mes de marzo del a\u00f1o 2022.<\/p>\n","protected":false},"excerpt":{"rendered":"<p>Hasta Las Naciones, espec\u00edficamente a calle Suiza, llegaron la Intendenta Jennifer Rojas, el Alcalde Claudio Radonich y la jefa del \u00c1rea de Salud Municipal, Rosa Bidart, para ver en terreno&#8230; <a class=\"read-more\" href=\"https:\/\/www.radiopresidenteibanez.cl\/web\/nuevo-cesfam-thomas-fenton-tiene-fecha-para-marzo-del-2022\/\">Leer m\u00e1s<\/a><\/p>\n","protected":false},"author":2,"featured_media":15784,"comment_status":"closed","ping_status":"closed","sticky":false,"template":"","format":"standard","meta":{"footnotes":""},"categories":[1],"tags":[],"class_list":["post-15783","post","type-post","status-publish","format-standard","has-post-thumbnail","hentry","category-cronica"],"_links":{"self":[{"href":"https:\/\/www.radiopresidenteibanez.cl\/web\/wp-json\/wp\/v2\/posts\/15783","targetHints":{"allow":["GET"]}}],"collection":[{"href":"https:\/\/www.radiopresidenteibanez.cl\/web\/wp-json\/wp\/v2\/posts"}],"about":[{"href":"https:\/\/www.radiopresidenteibanez.cl\/web\/wp-json\/wp\/v2\/types\/post"}],"author":[{"embeddable":true,"href":"https:\/\/www.radiopresidenteibanez.cl\/web\/wp-json\/wp\/v2\/users\/2"}],"replies":[{"embeddable":true,"href":"https:\/\/www.radiopresidenteibanez.cl\/web\/wp-json\/wp\/v2\/comments?post=15783"}],"version-history":[{"count":0,"href":"https:\/\/www.radiopresidenteibanez.cl\/web\/wp-json\/wp\/v2\/posts\/15783\/revisions"}],"wp:featuredmedia":[{"embeddable":true,"href":"https:\/\/www.radiopresidenteibanez.cl\/web\/wp-json\/wp\/v2\/media\/15784"}],"wp:attachment":[{"href":"https:\/\/www.radiopresidenteibanez.cl\/web\/wp-json\/wp\/v2\/media?parent=15783"}],"wp:term":[{"taxonomy":"category","embeddable":true,"href":"https:\/\/www.radiopresidenteibanez.cl\/web\/wp-json\/wp\/v2\/categories?post=15783"},{"taxonomy":"post_tag","embeddable":true,"href":"https:\/\/www.radiopresidenteibanez.cl\/web\/wp-json\/wp\/v2\/tags?post=15783"}],"curies":[{"name":"wp","href":"https:\/\/api.w.org\/{rel}","templated":true}]}}