{"id":15780,"date":"2020-11-07T02:35:21","date_gmt":"2020-11-07T02:35:21","guid":{"rendered":"https:\/\/www.radiopresidenteibanez.cl\/web\/?p=15780"},"modified":"2020-11-06T18:58:34","modified_gmt":"2020-11-06T18:58:34","slug":"educacion-tecnico-profesional-de-magallanes-avanza-para-consolidarse-como-oferta-atractiva-para-jovenes-magallanicos","status":"publish","type":"post","link":"https:\/\/www.radiopresidenteibanez.cl\/web\/educacion-tecnico-profesional-de-magallanes-avanza-para-consolidarse-como-oferta-atractiva-para-jovenes-magallanicos\/","title":{"rendered":"EDUCACI\u00d3N T\u00c9CNICO PROFESIONAL DE MAGALLANES AVANZA PARA CONSOLIDARSE COMO OFERTA ATRACTIVA PARA J\u00d3VENES MAGALL\u00c1NICOS"},"content":{"rendered":"\n<p>Con un esp\u00edritu colaborativo, de uni\u00f3n y enfocado a brindar informaci\u00f3n detallada que permita a los interesados ingresar a carreras ofrecidas por las instituciones de Educaci\u00f3n Superior T\u00e9cnica Profesional de la regi\u00f3n, se llev\u00f3 el evento online \u00abPlataforma ACCESO y Oportunidades TP en Magallanes\u00bb.<\/p>\n\n\n\n<p>La actividad, organizada de manera conjunta por el Instituto Profesional y Centro de Formaci\u00f3n T\u00e9cnica Santo Tom\u00e1s e INACAP, la Escuela Tecnol\u00f3gica (ETEC) de la UMAG y el Centro de Formaci\u00f3n T\u00e9cnica Estatal de Magallanes, logr\u00f3 una convocatoria de 300 visitas entre las plataformas dispuestas para su reproducci\u00f3n, destacando el portal&nbsp;<a href=\"http:\/\/www.oportunidadestp.cl\/\" target=\"_blank\" rel=\"noreferrer noopener\">www.oportunidadestp.cl<\/a>&nbsp;y Facebook.<\/p>\n\n\n\n<p>En la ocasi\u00f3n, se destac\u00f3 la presencia del Ministerio de Educaci\u00f3n tanto de nivel central como local, con la presencia de M\u00f3nica Brevis Salda\u00f1o, Jefa de Divisi\u00f3n de Educaci\u00f3n Superior T\u00e9cnica Profesional y de Rodrigo Sep\u00falveda Tagle, Seremi de Educaci\u00f3n. El Seremi relev\u00f3 la importancia de esta iniciativa la que tiene su base en la alianza estrat\u00e9gica y el trabajo conjunto asumido por las 4 IES y Mineduc en la regi\u00f3n, \u201cque permitir\u00e1 ofrecer cerca de 4.500 cupos a carreras t\u00e9cnicas a los j\u00f3venes que deseen continuar sus estudios t\u00e9cnicos, oferta acad\u00e9mica presente en la regi\u00f3n y que cuenta con gratuidad, becas y una amplia oferta de instrumentos institucionales\u201d, acot\u00f3 la autoridad.<\/p>\n\n\n\n<p>Las cuatro casas de estudio que organizaron la actividad dieron cuenta de sus ofertas acad\u00e9micas y servicios estudiantiles, como lo entregado por IP-CFT Santo Tom\u00e1s, representada por su rectora Valeska Acevedo Gaete junto a Carlos Mu\u00f1oz Puga, director de comunicaciones y Claudia Molckembuhr Sapunar, directora de admisi\u00f3n y asuntos estudiantiles.<\/p>\n\n\n\n<p>En el caso de IP-CFT INACAP, Katherine Henr\u00edquez Severino present\u00f3 la oferta completa de su instituci\u00f3n, seguido por Mery Ruiz Rojo, quien detall\u00f3 las carreras del CFT Estatal de Magallanes en su rol de jefa del \u00c1rea Acad\u00e9mica. Finalmente, Ana Soto Maldonado y Claudia Erebitis, subdirectora sede Punta Arenas y directora sede Puerto Natales de la Escuela Tecnol\u00f3gica de la UMAG respectivamente, compartieron informaci\u00f3n de este establecimiento de Educaci\u00f3n Superior.<\/p>\n\n\n\n<p>Es importante destacar y agradecer el apoyo de Daniela Torres de la Maza, Directora Regional de ONG Canales moderando la actividad, as\u00ed como las presentaciones de Alirio Quezada Vivar, profesional de la Secretar\u00eda Regional Ministerial de Educaci\u00f3n y de Daniela Calisto de JUNAEB; quienes ofrecieron informaci\u00f3n valiosa respecto a beneficios estudiantiles, presentando los beneficios de arancel con la plataforma de postulaci\u00f3n FUAS.CL y las becas de mantenci\u00f3n.<\/p>\n\n\n\n<p>La iniciativa, in\u00e9dita en la regi\u00f3n de Magallanes, fue calificada como un hito, al reunir a las 4 IES-TP presentes en Magallanes, sentando las bases para nuevos esfuerzos conjuntos y resaltando a su vez la posibilidad que brindan al p\u00fablico la amplia oferta de instituciones adscritas a la gratuidad para la educaci\u00f3n t\u00e9cnico profesional que la puede instalar como una oportunidad real, factible y al alcance de las personas.<\/p>\n","protected":false},"excerpt":{"rendered":"<p>Con un esp\u00edritu colaborativo, de uni\u00f3n y enfocado a brindar informaci\u00f3n detallada que permita a los interesados ingresar a carreras ofrecidas por las instituciones de Educaci\u00f3n Superior T\u00e9cnica Profesional de&#8230; <a class=\"read-more\" href=\"https:\/\/www.radiopresidenteibanez.cl\/web\/educacion-tecnico-profesional-de-magallanes-avanza-para-consolidarse-como-oferta-atractiva-para-jovenes-magallanicos\/\">Leer m\u00e1s<\/a><\/p>\n","protected":false},"author":2,"featured_media":15781,"comment_status":"closed","ping_status":"closed","sticky":false,"template":"","format":"standard","meta":{"footnotes":""},"categories":[1],"tags":[],"class_list":["post-15780","post","type-post","status-publish","format-standard","has-post-thumbnail","hentry","category-cronica"],"_links":{"self":[{"href":"https:\/\/www.radiopresidenteibanez.cl\/web\/wp-json\/wp\/v2\/posts\/15780","targetHints":{"allow":["GET"]}}],"collection":[{"href":"https:\/\/www.radiopresidenteibanez.cl\/web\/wp-json\/wp\/v2\/posts"}],"about":[{"href":"https:\/\/www.radiopresidenteibanez.cl\/web\/wp-json\/wp\/v2\/types\/post"}],"author":[{"embeddable":true,"href":"https:\/\/www.radiopresidenteibanez.cl\/web\/wp-json\/wp\/v2\/users\/2"}],"replies":[{"embeddable":true,"href":"https:\/\/www.radiopresidenteibanez.cl\/web\/wp-json\/wp\/v2\/comments?post=15780"}],"version-history":[{"count":0,"href":"https:\/\/www.radiopresidenteibanez.cl\/web\/wp-json\/wp\/v2\/posts\/15780\/revisions"}],"wp:featuredmedia":[{"embeddable":true,"href":"https:\/\/www.radiopresidenteibanez.cl\/web\/wp-json\/wp\/v2\/media\/15781"}],"wp:attachment":[{"href":"https:\/\/www.radiopresidenteibanez.cl\/web\/wp-json\/wp\/v2\/media?parent=15780"}],"wp:term":[{"taxonomy":"category","embeddable":true,"href":"https:\/\/www.radiopresidenteibanez.cl\/web\/wp-json\/wp\/v2\/categories?post=15780"},{"taxonomy":"post_tag","embeddable":true,"href":"https:\/\/www.radiopresidenteibanez.cl\/web\/wp-json\/wp\/v2\/tags?post=15780"}],"curies":[{"name":"wp","href":"https:\/\/api.w.org\/{rel}","templated":true}]}}