{"id":15774,"date":"2020-11-07T02:10:41","date_gmt":"2020-11-07T02:10:41","guid":{"rendered":"https:\/\/www.radiopresidenteibanez.cl\/web\/?p=15774"},"modified":"2020-11-06T18:52:21","modified_gmt":"2020-11-06T18:52:21","slug":"seremi-de-energia-de-magallanes-lanza-revista-informativa-que-se-difundira-en-formato-de-papel-digital","status":"publish","type":"post","link":"https:\/\/www.radiopresidenteibanez.cl\/web\/seremi-de-energia-de-magallanes-lanza-revista-informativa-que-se-difundira-en-formato-de-papel-digital\/","title":{"rendered":"SEREMI DE ENERG\u00cdA DE MAGALLANES LANZA REVISTA INFORMATIVA QUE SE DIFUNDIR\u00c1 EN FORMATO DE PAPEL DIGITAL"},"content":{"rendered":"\n<p>Haciendo eco de las palabras del Presidente Sebasti\u00e1n Pi\u00f1era, que ha propulsado el di\u00e1logo y los consensos, esta ma\u00f1ana, el SEREMI de Energ\u00eda de Magallanes y la Ant\u00e1rtica Chilena, Nolberto S\u00e1ez, dio a conocer la primera revista regional del sector energ\u00e9tico en formato papel digital producida enteramente por el equipo de su repartici\u00f3n p\u00fablica.<\/p>\n\n\n\n<p>El secretario regional cont\u00f3 que hoy, la publicaci\u00f3n comienza oficialmente a circular digitalizada y accesible a todo p\u00fablico a trav\u00e9s de la plataforma ISSUU, teniendo el honor de contar con la Obertura de la Sra. Intendente de la regi\u00f3n, do\u00f1a Jenniffer Rojas Garc\u00eda.<\/p>\n\n\n\n<p>\u201cCon mucha satisfacci\u00f3n y tras meses de trabajo piloteando el proyecto junto al equipo, sacamos a la luz este producto comunicacional que tiene varias ventajas. Una de ellas, es la disponibilidad&nbsp;<em>ad hoc&nbsp;<\/em>a las circunstancias y necesidades que el contexto de hoy nos est\u00e1 demandando\u201d, sostuvo.<\/p>\n\n\n\n<p><strong>CARACTER\u00cdSTICAS DE LA PUBLICACI\u00d3N<\/strong><\/p>\n\n\n\n<p>S\u00e1ez complement\u00f3 que consiguieron crear \u201cun producto de alta calidad, a costo cero; todo de forma muy eficiente; dot\u00e1ndolo con &nbsp;&nbsp;acceso f\u00e1cil, gratuito, que provee contenido \u00fatil, bien diagramado y visualmente muy amigable. Esto lo hemos hecho con mucha dedicaci\u00f3n y cari\u00f1o, siguiendo uno de los lineamientos centrales que mueve a la cartera de Energ\u00eda y que ha sido fuertemente enfatizado por el ministro Juan Carlos Jobet: trabajar siempre poniendo nuestro mejor esfuerzo por y para la gente\u201d.<\/p>\n\n\n\n<p>El SEREMI S\u00e1ez a\u00f1adi\u00f3 que otro de los prop\u00f3sitos es generar un nexo con la ciudadan\u00eda capaz de abrir un espacio como este a voces que, por diversos motivos, no tienen la oportunidad de expresar sus ideas en un medio de comunicaci\u00f3n masiva\u201d.<\/p>\n\n\n\n<p>A ello -dijo S\u00e1ez- \u201cdebemos agregar que en este momento, disponer de un dispositivo t\u00e9cnico-digital resulta muy valioso si consideramos que los desplazamientos por la ciudad est\u00e1n restringidos y la alternativa obligada recae en los productos comunicacionales que tienen un correlato en el flujo digital de la informaci\u00f3n\u201d.<\/p>\n\n\n\n<p>Finalmente, el SEREMI S\u00e1ez agradeci\u00f3 a su equipo por el despliegue y compromiso dado para sacar adelante la revista.<\/p>\n\n\n\n<p>\u201cGracias a la perseverancia de nuestro equipo y el principio de continuidad que el servicio p\u00fablico nos exige, pudimos concretar esta buena iniciativa que sin duda, otros servicios perfectamente pueden replicar. Esa fue otra motivaci\u00f3n importante que tuvimos: impulsar un cambio, una mejora que, en la din\u00e1mica de la noble competencia, nos haga, asimismo, perfeccionarla\u201d. &nbsp;<\/p>\n\n\n\n<p>El titular regional del ramo invit\u00f3 a leer y \u201chojear\u201d la revista en papel digital que est\u00e1 disponible en el siguiente link para su visualizaci\u00f3n y\/o descarga:&nbsp;<a href=\"https:\/\/cutt.ly\/wgGAiex\" target=\"_blank\" rel=\"noreferrer noopener\">https:\/\/cutt.ly\/wgGAiex<\/a>. &nbsp;&nbsp;<\/p>\n","protected":false},"excerpt":{"rendered":"<p>Haciendo eco de las palabras del Presidente Sebasti\u00e1n Pi\u00f1era, que ha propulsado el di\u00e1logo y los consensos, esta ma\u00f1ana, el SEREMI de Energ\u00eda de Magallanes y la Ant\u00e1rtica Chilena, Nolberto&#8230; <a class=\"read-more\" href=\"https:\/\/www.radiopresidenteibanez.cl\/web\/seremi-de-energia-de-magallanes-lanza-revista-informativa-que-se-difundira-en-formato-de-papel-digital\/\">Leer m\u00e1s<\/a><\/p>\n","protected":false},"author":2,"featured_media":15775,"comment_status":"closed","ping_status":"closed","sticky":false,"template":"","format":"standard","meta":{"footnotes":""},"categories":[1],"tags":[],"class_list":["post-15774","post","type-post","status-publish","format-standard","has-post-thumbnail","hentry","category-cronica"],"_links":{"self":[{"href":"https:\/\/www.radiopresidenteibanez.cl\/web\/wp-json\/wp\/v2\/posts\/15774","targetHints":{"allow":["GET"]}}],"collection":[{"href":"https:\/\/www.radiopresidenteibanez.cl\/web\/wp-json\/wp\/v2\/posts"}],"about":[{"href":"https:\/\/www.radiopresidenteibanez.cl\/web\/wp-json\/wp\/v2\/types\/post"}],"author":[{"embeddable":true,"href":"https:\/\/www.radiopresidenteibanez.cl\/web\/wp-json\/wp\/v2\/users\/2"}],"replies":[{"embeddable":true,"href":"https:\/\/www.radiopresidenteibanez.cl\/web\/wp-json\/wp\/v2\/comments?post=15774"}],"version-history":[{"count":0,"href":"https:\/\/www.radiopresidenteibanez.cl\/web\/wp-json\/wp\/v2\/posts\/15774\/revisions"}],"wp:featuredmedia":[{"embeddable":true,"href":"https:\/\/www.radiopresidenteibanez.cl\/web\/wp-json\/wp\/v2\/media\/15775"}],"wp:attachment":[{"href":"https:\/\/www.radiopresidenteibanez.cl\/web\/wp-json\/wp\/v2\/media?parent=15774"}],"wp:term":[{"taxonomy":"category","embeddable":true,"href":"https:\/\/www.radiopresidenteibanez.cl\/web\/wp-json\/wp\/v2\/categories?post=15774"},{"taxonomy":"post_tag","embeddable":true,"href":"https:\/\/www.radiopresidenteibanez.cl\/web\/wp-json\/wp\/v2\/tags?post=15774"}],"curies":[{"name":"wp","href":"https:\/\/api.w.org\/{rel}","templated":true}]}}