{"id":15771,"date":"2020-11-07T02:30:07","date_gmt":"2020-11-07T02:30:07","guid":{"rendered":"https:\/\/www.radiopresidenteibanez.cl\/web\/?p=15771"},"modified":"2020-11-06T18:49:03","modified_gmt":"2020-11-06T18:49:03","slug":"alumnos-de-isla-dawson-se-conectaran-con-premios-nacionales-de-ciencias-2020-en-evento-via-streaming","status":"publish","type":"post","link":"https:\/\/www.radiopresidenteibanez.cl\/web\/alumnos-de-isla-dawson-se-conectaran-con-premios-nacionales-de-ciencias-2020-en-evento-via-streaming\/","title":{"rendered":"ALUMNOS DE ISLA DAWSON SE CONECTAR\u00c1N CON PREMIOS NACIONALES DE CIENCIAS 2020 EN EVENTO V\u00cdA STREAMING"},"content":{"rendered":"\n<p>Estudiantes de la Escuela\nPuerto Harris de Isla Dawson fueron seleccionados para participar y representar\na la regi\u00f3n de Magallanes y de la Ant\u00e1rtica Chilena, en el evento en homenaje a\nlos Premios Nacionales de Ciencias 2020, que se realizar\u00e1 el pr\u00f3ximo lunes 9 de\nnoviembre a las 12:30 horas. <\/p>\n\n\n\n<p>La actividad, organizada por\nel Museo Interactivo Mirador (MIM), instituci\u00f3n que es parte de la Red de\nFundaciones de la Presidencia, contar\u00e1 con la presencia de Francisco Bozinovic, Premio Nacional de\nCiencias Naturales 2020; y Edmundo Acevedo, Premio Nacional de Ciencias\nAplicadas y Tecnol\u00f3gicas 2020; quienes ser\u00e1n acompa\u00f1ados por Andr\u00e9s Couve,\nministro de Ciencia, Tecnolog\u00eda, Innovaci\u00f3n y Conocimiento; y Dalia Haymann,\ndirectora ejecutiva del MIM. <\/p>\n\n\n\n<p>Los alumnos de Isla Dawson\ntendr\u00e1n la oportunidad de saludar y preguntar a los cient\u00edficos sobre sus\ninvestigaciones, en un evento que se llevar\u00e1 a cabo en el Paseo de la Ciencia\ndel museo y este a\u00f1o de forma especial ser\u00e1 transmitido v\u00eda <em>streaming<\/em> por sus redes sociales y\np\u00e1gina web, debido al contexto de la actual pandemia, combinando formato\npresencial y virtual. <\/p>\n\n\n\n<p>\u201cPara nosotros fue una gran\nnoticia que nos invitaran a participar, porque como estamos lejos del\ncontinente nos sentimos s\u00faper aislados. Los ni\u00f1os no tienen paseos, por\nejemplo, y menos son parte de un evento como este. Entonces para ellos es una\ngran motivaci\u00f3n, yo les habl\u00e9 de estos investigadores y varios se pusieron a buscar\nen internet para saber qu\u00e9 preguntar\u201d, comenta Nayaret Illanes, profesora de la\nEscuela Puerto Harris de Isla Dawson, de tan solo 58 alumnos.<\/p>\n\n\n\n<p>Tambi\u00e9n estar\u00e1n participando\nestudiantes y profesores de otras regiones y localidades del pa\u00eds, como el Liceo\nBicentenario Cordillera de San Felipe, el Colegio Eugenio Eyraud de Rapanui y el Colegio Marista de Alto Hospicio, en una oportunidad \u00fanica para conectar a\ntodo Chile en un encuentro dedicado a la ciencia y el conocimiento. <\/p>\n\n\n\n<p><strong>Un evento con\nhistoria &nbsp; &nbsp; &nbsp; &nbsp; &nbsp; &nbsp; &nbsp; &nbsp;<\/strong><\/p>\n\n\n\n<p>En el a\u00f1o 2015, el Museo Interactivo\nMirador, que es parte de la Red de Fundaciones de la Presidencia, inaugur\u00f3 el Paseo\nde la Ciencia en una de sus terrazas, \u00fanico espacio del pa\u00eds que re\u00fane a todas\ny todos los Premios Nacionales de Ciencia por medio de una escultura\nconmemorativa con sus nombres. <\/p>\n\n\n\n<p>Desde esa oportunidad, cada\na\u00f1o se celebra a los nuevos galardonados en un encuentro \u00fanico entre estas\npersonalidades de la ciencia y estudiantes, para conocer experiencias\ninspiradoras desde una perspectiva l\u00fadica y memorable. <\/p>\n\n\n\n<p><strong>Redes sociales MIM<\/strong><\/p>\n\n\n\n<p>YouTube: <a href=\"http:\/\/www.youtube.com\/mim-museo\">www.youtube.com\/mim-museo<\/a><\/p>\n\n\n\n<p>Link directo al <em>streaming<\/em> de YouTube: <a href=\"https:\/\/www.youtube.com\/watch?v=k2tdkCyYGm8\">https:\/\/www.youtube.com\/watch?v=k2tdkCyYGm8<\/a> <\/p>\n\n\n\n<p>Facebook: <a href=\"http:\/\/www.facebook.com\/MIM.museo\">www.facebook.com\/MIM.museo<\/a><\/p>\n\n\n\n<p>Instagram: <a href=\"http:\/\/www.intagram.com\/mim.museo\">www.intagram.com\/mim.museo<\/a><\/p>\n\n\n\n<p>Web: <a href=\"http:\/\/www.mim.cl\">www.mim.cl<\/a><\/p>\n","protected":false},"excerpt":{"rendered":"<p>Estudiantes de la Escuela Puerto Harris de Isla Dawson fueron seleccionados para participar y representar a la regi\u00f3n de Magallanes y de la Ant\u00e1rtica Chilena, en el evento en homenaje&#8230; <a class=\"read-more\" href=\"https:\/\/www.radiopresidenteibanez.cl\/web\/alumnos-de-isla-dawson-se-conectaran-con-premios-nacionales-de-ciencias-2020-en-evento-via-streaming\/\">Leer m\u00e1s<\/a><\/p>\n","protected":false},"author":2,"featured_media":15772,"comment_status":"closed","ping_status":"closed","sticky":false,"template":"","format":"standard","meta":{"footnotes":""},"categories":[1],"tags":[],"class_list":["post-15771","post","type-post","status-publish","format-standard","has-post-thumbnail","hentry","category-cronica"],"_links":{"self":[{"href":"https:\/\/www.radiopresidenteibanez.cl\/web\/wp-json\/wp\/v2\/posts\/15771","targetHints":{"allow":["GET"]}}],"collection":[{"href":"https:\/\/www.radiopresidenteibanez.cl\/web\/wp-json\/wp\/v2\/posts"}],"about":[{"href":"https:\/\/www.radiopresidenteibanez.cl\/web\/wp-json\/wp\/v2\/types\/post"}],"author":[{"embeddable":true,"href":"https:\/\/www.radiopresidenteibanez.cl\/web\/wp-json\/wp\/v2\/users\/2"}],"replies":[{"embeddable":true,"href":"https:\/\/www.radiopresidenteibanez.cl\/web\/wp-json\/wp\/v2\/comments?post=15771"}],"version-history":[{"count":0,"href":"https:\/\/www.radiopresidenteibanez.cl\/web\/wp-json\/wp\/v2\/posts\/15771\/revisions"}],"wp:featuredmedia":[{"embeddable":true,"href":"https:\/\/www.radiopresidenteibanez.cl\/web\/wp-json\/wp\/v2\/media\/15772"}],"wp:attachment":[{"href":"https:\/\/www.radiopresidenteibanez.cl\/web\/wp-json\/wp\/v2\/media?parent=15771"}],"wp:term":[{"taxonomy":"category","embeddable":true,"href":"https:\/\/www.radiopresidenteibanez.cl\/web\/wp-json\/wp\/v2\/categories?post=15771"},{"taxonomy":"post_tag","embeddable":true,"href":"https:\/\/www.radiopresidenteibanez.cl\/web\/wp-json\/wp\/v2\/tags?post=15771"}],"curies":[{"name":"wp","href":"https:\/\/api.w.org\/{rel}","templated":true}]}}