{"id":15769,"date":"2020-11-06T13:54:56","date_gmt":"2020-11-06T13:54:56","guid":{"rendered":"https:\/\/www.radiopresidenteibanez.cl\/web\/?p=15769"},"modified":"2020-11-06T13:55:04","modified_gmt":"2020-11-06T13:55:04","slug":"diputado-bianchi-denuncia-que-walker-no-leyo-su-indicacion-de-retiro-forzoso-para-deudores-de-pension-de-alimentos-en-segundo-retiro","status":"publish","type":"post","link":"https:\/\/www.radiopresidenteibanez.cl\/web\/diputado-bianchi-denuncia-que-walker-no-leyo-su-indicacion-de-retiro-forzoso-para-deudores-de-pension-de-alimentos-en-segundo-retiro\/","title":{"rendered":"DIPUTADO BIANCHI DENUNCIA QUE WALKER NO LEY\u00d3 SU INDICACI\u00d3N DE RETIRO FORZOSO PARA DEUDORES DE PENSI\u00d3N DE ALIMENTOS EN SEGUNDO RETIRO"},"content":{"rendered":"\n<p>\u201cEl diputado Walker de manera\ntajante se neg\u00f3 a que se leyera esa indicaci\u00f3n, me neg\u00f3 el uso de la palabra y\naprob\u00f3 este proyecto sin ese beneficio, o sea, hoy d\u00eda hay miles de ni\u00f1os, de\nmadres que no van a poder cobrar esa deuda\u201d, manifest\u00f3 el diputado\nindependiente.<\/p>\n\n\n\n<p>El proyecto que fue aprobado,\nqued\u00f3 con una algunas modificaciones como el reintegro voluntario y cobro de\nimpuestos a quienes tengan una remuneraci\u00f3n mensual superior a $2,5 millones.<\/p>\n\n\n\n<p>Frente a esto, Bianchi asegur\u00f3\nque Walker \u201cpermiti\u00f3 que hoy el esp\u00edritu de esta ley que era sin letra chica,\nque era universal, tuviese cobro de impuestos y de comisiones\u201d.<\/p>\n\n\n\n<p>En sus declaraciones, el\ndiputado magall\u00e1nico adem\u00e1s expres\u00f3 que hubo algunos acuerdos en relaci\u00f3n a\neste proyecto entre el presidente de la comisi\u00f3n y la diputada Jiles, con el\nfin de obtener beneficios personales.<\/p>\n\n\n\n<p>\u201cNo vamos a permitir que un\ndiputado pretenda aprovecharse a cambio de que una diputada (Jiles) le ofrezca\nmantenerse en la presidencia de la comisi\u00f3n y quiera usar este 10% como\ntrampol\u00edn para su campa\u00f1a senatorial o la diputada para su campa\u00f1a\npresidencial\u201d, manifest\u00f3.<\/p>\n\n\n\n<p>El parlamentario tambi\u00e9n hizo\nhincapi\u00e9 en su autor\u00eda, recalcando que fue el primero en presentar esta\niniciativa, pero que luego otros diputados se la atribuyeron, situaci\u00f3n que\nasegura no quiso denunciar \u201cporque lo importante era que el proyecto saliera\nr\u00e1pidamente\u201d.<\/p>\n\n\n\n<p>Finalmente, sostuvo que va a\n\u201cpelear\u201d por este segundo retiro para que sea universal, sin cobro de impuestos\nni comisiones, y por las personas de rentas vitalicias a quienes \u201cno se les ha\nescuchado ni entregado ning\u00fan beneficio por parte del estado\u201d para que tengan\nuna soluci\u00f3n.<\/p>\n","protected":false},"excerpt":{"rendered":"<p>\u201cEl diputado Walker de manera tajante se neg\u00f3 a que se leyera esa indicaci\u00f3n, me neg\u00f3 el uso de la palabra y aprob\u00f3 este proyecto sin ese beneficio, o sea,&#8230; <a class=\"read-more\" href=\"https:\/\/www.radiopresidenteibanez.cl\/web\/diputado-bianchi-denuncia-que-walker-no-leyo-su-indicacion-de-retiro-forzoso-para-deudores-de-pension-de-alimentos-en-segundo-retiro\/\">Leer m\u00e1s<\/a><\/p>\n","protected":false},"author":2,"featured_media":5567,"comment_status":"closed","ping_status":"closed","sticky":false,"template":"","format":"standard","meta":{"footnotes":""},"categories":[1],"tags":[],"class_list":["post-15769","post","type-post","status-publish","format-standard","has-post-thumbnail","hentry","category-cronica"],"_links":{"self":[{"href":"https:\/\/www.radiopresidenteibanez.cl\/web\/wp-json\/wp\/v2\/posts\/15769","targetHints":{"allow":["GET"]}}],"collection":[{"href":"https:\/\/www.radiopresidenteibanez.cl\/web\/wp-json\/wp\/v2\/posts"}],"about":[{"href":"https:\/\/www.radiopresidenteibanez.cl\/web\/wp-json\/wp\/v2\/types\/post"}],"author":[{"embeddable":true,"href":"https:\/\/www.radiopresidenteibanez.cl\/web\/wp-json\/wp\/v2\/users\/2"}],"replies":[{"embeddable":true,"href":"https:\/\/www.radiopresidenteibanez.cl\/web\/wp-json\/wp\/v2\/comments?post=15769"}],"version-history":[{"count":0,"href":"https:\/\/www.radiopresidenteibanez.cl\/web\/wp-json\/wp\/v2\/posts\/15769\/revisions"}],"wp:featuredmedia":[{"embeddable":true,"href":"https:\/\/www.radiopresidenteibanez.cl\/web\/wp-json\/wp\/v2\/media\/5567"}],"wp:attachment":[{"href":"https:\/\/www.radiopresidenteibanez.cl\/web\/wp-json\/wp\/v2\/media?parent=15769"}],"wp:term":[{"taxonomy":"category","embeddable":true,"href":"https:\/\/www.radiopresidenteibanez.cl\/web\/wp-json\/wp\/v2\/categories?post=15769"},{"taxonomy":"post_tag","embeddable":true,"href":"https:\/\/www.radiopresidenteibanez.cl\/web\/wp-json\/wp\/v2\/tags?post=15769"}],"curies":[{"name":"wp","href":"https:\/\/api.w.org\/{rel}","templated":true}]}}