{"id":15764,"date":"2020-11-06T13:08:16","date_gmt":"2020-11-06T13:08:16","guid":{"rendered":"https:\/\/www.radiopresidenteibanez.cl\/web\/?p=15764"},"modified":"2020-11-06T13:08:21","modified_gmt":"2020-11-06T13:08:21","slug":"minvu-aprueba-financiamiento-para-dar-solucion-habitacional-a-636-familias-de-punta-arenas-y-natales","status":"publish","type":"post","link":"https:\/\/www.radiopresidenteibanez.cl\/web\/minvu-aprueba-financiamiento-para-dar-solucion-habitacional-a-636-familias-de-punta-arenas-y-natales\/","title":{"rendered":"MINVU APRUEBA FINANCIAMIENTO PARA DAR SOLUCI\u00d3N HABITACIONAL A 636 FAMILIAS DE PUNTA ARENAS Y NATALES"},"content":{"rendered":"\n<p>Cinco nuevos proyectos habitacionales comenzar\u00e1n a ser construidos pr\u00f3ximamente, gracias a que el Ministerio de Vivienda y Urbanismo, aprob\u00f3 el financiamiento de subsidios del Fondo Solidario de Elecci\u00f3n de Vivienda para 636 familias de Punta Arenas y Natales, 486 y 150 respectivamente.<\/p>\n\n\n\n<p>Se trata de los proyectos de Punta Arenas Brisas del Sur I y II de las agrupaciones Terra Australis y Alto Alerce II, loteo Enrique Abello 5 de la agrupaci\u00f3n Sue\u00f1o de la Casa Propia y Estepa Austral II de la agrupaci\u00f3n El Pac\u00edfico y del proyecto habitacional de Natales, Pueblos Originarios, para las familias de las agrupaciones Willant\u00fa, Kskial y Aswal Lajep.<\/p>\n\n\n\n<p>La inversi\u00f3n, adicional a los recursos disponibles para Magallanes en el presupuesto para este a\u00f1o 2020, supera los 25 mil millones de pesos y se transforma en una importante inyecci\u00f3n de recursos a la econom\u00eda regional, lo que contribuye a la Reactivaci\u00f3n Econ\u00f3mica y Social, en el contexto de la Pandemia que nos afecta.<\/p>\n\n\n\n<p>El seremi de Vivienda y Urbanismo Jos\u00e9 Miguel Horcos, celebr\u00f3 las muy buenas noticias para Magallanes que entreg\u00f3 el Ministro Felipe Ward. \u201cAdem\u00e1s sabemos la situaci\u00f3n que estamos viviendo por la Pandemia y verdaderamente agradecido, porque estos proyectos van a entregar nuevos puestos de trabajo, para tambi\u00e9n dar alivio a familias que se encuentran sin ingresos. Asimismo, quiero destacar la gesti\u00f3n de los alcaldes, tanto de Punta Arenas y Natales que han apoyado a las agrupaciones para que puedan presentar sus proyectos\u201d.<\/p>\n\n\n\n<p>A su vez, el director regional de Serviu Dubalio P\u00e9rez, manifest\u00f3 su satisfacci\u00f3n por la noticia \u201cque nos ha entregado nuestro ministro, respecto a la selecci\u00f3n de las agrupaciones que se presentaron en el llamado grupal del 31 de agosto. Destacar adem\u00e1s que hoy d\u00eda y en el marco que ten\u00edamos programado para este a\u00f1o, no ten\u00edamos disponibles estos subsidios, as\u00ed que felices, por las agrupaciones de Punta Arenas y de Natales. Con esto, el Ministerio nos ha entregado m\u00e1s de 1200 subsidios para beneficiar a familias de la Regi\u00f3n durante este a\u00f1o\u201d.<\/p>\n\n\n\n<p>Las familias beneficiadas de Punta Arenas recibieron un video del ministro Felipe Ward, junto al alcalde Claudio Radonich, anunci\u00e1ndole la noticia, mientras las agrupaciones de Natales se reunieron v\u00eda Zoom con el gobernador provincial Ra\u00fal Suazo, el alcalde de Natales Fernando Paredes, el seremi de Vivienda y el director de Serviu. En la instancia, los representantes de los 150 beneficiados pertenecientes a los pueblos originarios Kaweskar y mapuche huilliche, manifestaron su alegr\u00eda por esta gran noticia, \u201cestamos todos muy contentos, son momentos muy hermosos y esperamos que de aqu\u00ed para delante podamos seguir trabajando de buena manera y cumplir los sue\u00f1os de todos\u201d, manifest\u00f3 Manuel Torres.<\/p>\n","protected":false},"excerpt":{"rendered":"<p>Cinco nuevos proyectos habitacionales comenzar\u00e1n a ser construidos pr\u00f3ximamente, gracias a que el Ministerio de Vivienda y Urbanismo, aprob\u00f3 el financiamiento de subsidios del Fondo Solidario de Elecci\u00f3n de Vivienda&#8230; <a class=\"read-more\" href=\"https:\/\/www.radiopresidenteibanez.cl\/web\/minvu-aprueba-financiamiento-para-dar-solucion-habitacional-a-636-familias-de-punta-arenas-y-natales\/\">Leer m\u00e1s<\/a><\/p>\n","protected":false},"author":2,"featured_media":15765,"comment_status":"closed","ping_status":"closed","sticky":false,"template":"","format":"standard","meta":{"footnotes":""},"categories":[1],"tags":[],"class_list":["post-15764","post","type-post","status-publish","format-standard","has-post-thumbnail","hentry","category-cronica"],"_links":{"self":[{"href":"https:\/\/www.radiopresidenteibanez.cl\/web\/wp-json\/wp\/v2\/posts\/15764","targetHints":{"allow":["GET"]}}],"collection":[{"href":"https:\/\/www.radiopresidenteibanez.cl\/web\/wp-json\/wp\/v2\/posts"}],"about":[{"href":"https:\/\/www.radiopresidenteibanez.cl\/web\/wp-json\/wp\/v2\/types\/post"}],"author":[{"embeddable":true,"href":"https:\/\/www.radiopresidenteibanez.cl\/web\/wp-json\/wp\/v2\/users\/2"}],"replies":[{"embeddable":true,"href":"https:\/\/www.radiopresidenteibanez.cl\/web\/wp-json\/wp\/v2\/comments?post=15764"}],"version-history":[{"count":0,"href":"https:\/\/www.radiopresidenteibanez.cl\/web\/wp-json\/wp\/v2\/posts\/15764\/revisions"}],"wp:featuredmedia":[{"embeddable":true,"href":"https:\/\/www.radiopresidenteibanez.cl\/web\/wp-json\/wp\/v2\/media\/15765"}],"wp:attachment":[{"href":"https:\/\/www.radiopresidenteibanez.cl\/web\/wp-json\/wp\/v2\/media?parent=15764"}],"wp:term":[{"taxonomy":"category","embeddable":true,"href":"https:\/\/www.radiopresidenteibanez.cl\/web\/wp-json\/wp\/v2\/categories?post=15764"},{"taxonomy":"post_tag","embeddable":true,"href":"https:\/\/www.radiopresidenteibanez.cl\/web\/wp-json\/wp\/v2\/tags?post=15764"}],"curies":[{"name":"wp","href":"https:\/\/api.w.org\/{rel}","templated":true}]}}