{"id":15762,"date":"2020-11-06T13:06:02","date_gmt":"2020-11-06T13:06:02","guid":{"rendered":"https:\/\/www.radiopresidenteibanez.cl\/web\/?p=15762"},"modified":"2020-11-06T13:06:07","modified_gmt":"2020-11-06T13:06:07","slug":"sujeto-fue-condenado-por-robos-de-autos-en-punta-arenas","status":"publish","type":"post","link":"https:\/\/www.radiopresidenteibanez.cl\/web\/sujeto-fue-condenado-por-robos-de-autos-en-punta-arenas\/","title":{"rendered":"SUJETO FUE CONDENADO POR  ROBOS DE AUTOS EN PUNTA ARENAS"},"content":{"rendered":"\n<p>Juan Pablo Mesias Merkle fue condenado,\nhoy,&nbsp; como autor de dos delitos de robo de veh\u00edculo\nmotorizado. La sentencia se conocer\u00e1 el 10 de noviembre a las 1330 horas.\n<\/p>\n\n\n\n<p>Durante el juicio, el Fiscal Jefe de la Unidad\nde An\u00e1lisis Criminal y Focos Investigativos, SACFI, Felipe Aguirre, indic\u00f3 que\nfruto de una investigaci\u00f3n realizada luego del levantamiento de un foco por el\nrobo de veh\u00edculos en Punta Arenas, se logr\u00f3 acreditar, gracias a la labor\nconjunta con la&nbsp; Brigada de Robos, al\ntrabajo pericial de huellas por parte del perito PDI y al an\u00e1lisis de las\nc\u00e1maras de seguridad, que el viernes\n29 de marzo del a\u00f1o pasado, en\nhoras de la madrugada, Mesias Merkle sustrajo\nun autom\u00f3vil marca Hyundai modelo euro accent, a\u00f1o 1995, color blanco que se\nencontraba estacionado y cerrado en calle Ventisquero Lucia, frente al\ndomicilio de su propietaria. Para ello utiliz\u00f3 un elemento o llave falsa y lo\nempuj\u00f3 unos metros para luego hacerlo partir conectando los cables de la chapa,\nhuyendo con \u00e9l, siendo hallado el auto, ese mismo d\u00eda, en el&nbsp; sector sur de la ciudad.<\/p>\n\n\n\n<p>El segundo hecho en tanto, se perpetr\u00f3, meses m\u00e1s\ntarde, durante la madrugada del\ns\u00e1bado 20 de julio, en circunstancias que la v\u00edctima dej\u00f3 estacionado su\nveh\u00edculo marca Hyundai, modelo euro accent, a\u00f1o 1997, color gris, en los\nestacionamientos de los edificios de calle salesianos, desde donde el acusado\nlo sustrajo, de similar manera que el anterior, siendo hallado\ntres d\u00edas despu\u00e9s en la intersecci\u00f3n de las calles Francisco Antonio Pinto con\nJose Perich Slater.<\/p>\n\n\n\n<p>Cabe indicar que la Fiscal\u00eda solicita una pena de\ncinco a\u00f1os de presidio para los delitos, m\u00e1s las accesorias legales y las costas\nde la causa. <\/p>\n","protected":false},"excerpt":{"rendered":"<p>Juan Pablo Mesias Merkle fue condenado, hoy,&nbsp; como autor de dos delitos de robo de veh\u00edculo motorizado. La sentencia se conocer\u00e1 el 10 de noviembre a las 1330 horas. Durante&#8230; <a class=\"read-more\" href=\"https:\/\/www.radiopresidenteibanez.cl\/web\/sujeto-fue-condenado-por-robos-de-autos-en-punta-arenas\/\">Leer m\u00e1s<\/a><\/p>\n","protected":false},"author":2,"featured_media":740,"comment_status":"closed","ping_status":"closed","sticky":false,"template":"","format":"standard","meta":{"footnotes":""},"categories":[1],"tags":[],"class_list":["post-15762","post","type-post","status-publish","format-standard","has-post-thumbnail","hentry","category-cronica"],"_links":{"self":[{"href":"https:\/\/www.radiopresidenteibanez.cl\/web\/wp-json\/wp\/v2\/posts\/15762","targetHints":{"allow":["GET"]}}],"collection":[{"href":"https:\/\/www.radiopresidenteibanez.cl\/web\/wp-json\/wp\/v2\/posts"}],"about":[{"href":"https:\/\/www.radiopresidenteibanez.cl\/web\/wp-json\/wp\/v2\/types\/post"}],"author":[{"embeddable":true,"href":"https:\/\/www.radiopresidenteibanez.cl\/web\/wp-json\/wp\/v2\/users\/2"}],"replies":[{"embeddable":true,"href":"https:\/\/www.radiopresidenteibanez.cl\/web\/wp-json\/wp\/v2\/comments?post=15762"}],"version-history":[{"count":0,"href":"https:\/\/www.radiopresidenteibanez.cl\/web\/wp-json\/wp\/v2\/posts\/15762\/revisions"}],"wp:featuredmedia":[{"embeddable":true,"href":"https:\/\/www.radiopresidenteibanez.cl\/web\/wp-json\/wp\/v2\/media\/740"}],"wp:attachment":[{"href":"https:\/\/www.radiopresidenteibanez.cl\/web\/wp-json\/wp\/v2\/media?parent=15762"}],"wp:term":[{"taxonomy":"category","embeddable":true,"href":"https:\/\/www.radiopresidenteibanez.cl\/web\/wp-json\/wp\/v2\/categories?post=15762"},{"taxonomy":"post_tag","embeddable":true,"href":"https:\/\/www.radiopresidenteibanez.cl\/web\/wp-json\/wp\/v2\/tags?post=15762"}],"curies":[{"name":"wp","href":"https:\/\/api.w.org\/{rel}","templated":true}]}}